{"id":62253,"date":"2024-12-27T15:10:43","date_gmt":"2024-12-27T21:10:43","guid":{"rendered":"https:\/\/encuentroinformativo.com.mx\/?p=62253"},"modified":"2024-12-27T15:10:43","modified_gmt":"2024-12-27T21:10:43","slug":"respalda-bancada-de-morena-a-presidente-de-la-jucopo","status":"publish","type":"post","link":"https:\/\/encuentroinformativo.com.mx\/?p=62253","title":{"rendered":"Respalda bancada de Morena a presidente de la Jucopo"},"content":{"rendered":"<p style=\"padding-left: 40px;\"><strong><span style=\"font-size: 1rem;\">Dar\u00edo Pale<\/span><\/strong><\/p>\n<p>Xalapa, Ver.- La bancada de Morena respalda al presidente de la Junta de Coordinaci\u00f3n Pol\u00edtica (JUCOPO), Esteban Bautista Hern\u00e1ndez, tras la campa\u00f1a &#8220;sincronizada&#8221; que han emprendido en su contra, as\u00ed lo dio a conocer la vicecoordinadora del grupo legislativo de Morena en el Congreso de Veracruz, Naomi Edith G\u00f3mez Santos.<\/p>\n<p>Las diputadas Victoria Guti\u00e9rrez P\u00e9rez, Ivonne Selene Duran L\u00f3pez, Astrid S\u00e1nchez Moguel e Ingrid Jeny Calder\u00f3n Dom\u00ednguez respaldan a su coordinador y lamentaron que a\u00fan hay quienes no quieren entender que dentro del Movimiento los cargos son para servir y no para servirse.<\/p>\n<p>Manifest\u00f3 que han detectado una campa\u00f1a &#8220;sincronizada&#8221; luego de que el diputado Esteban Bautista ha hecho una pol\u00edtica diferente desde el Congreso Local, al hablar con transparencia y verdad, cuestionando actos indebidos.<\/p>\n<p>\u201cHay personas que a\u00fan no entienden que los cargos p\u00fablicos son para servir a los ciudadanos y cuidar los recursos que pertenecen al pueblo. Debido a esto es que quieren acallar voces como las de nuestro coordinador Esteban Bautista\u201d, expresaron las diputadas.<\/p>\n<p>Las legisladoras de Morena recordaron que Bautista Hern\u00e1ndez lleva a\u00f1os siendo un l\u00edder social de izquierda, que ha enfrentado la represi\u00f3n en gobiernos pasados y nunca se ha sometido.<\/p>\n<p>Mencionaron que su trabajo en zonas ind\u00edgenas y marginadas es conocido por todos, adem\u00e1s de ser un miembro fundador de Morena, hecho que le fue reconocido por las y los diputados de la fracci\u00f3n para ser elegido como su coordinador.<\/p>\n<p>Desde ese momento, como presidente de la Junta de Coordinaci\u00f3n Pol\u00edtica, se ha conducido con una actitud de respeto e impulso hacia todas las diputadas y diputados de los distintos partidos pol\u00edticos.<\/p>\n<p>Por \u00faltimo comentaron que, adem\u00e1s de que se ha sumado al trabajo de la presidenta Claudia Sheinbaum y de la gobernadora Roc\u00edo Nahle Garc\u00eda, ya que es tiempo de mujeres y ese respaldo se ve reflejado en la Legislatura del Estado, toda vez que la mayor\u00eda de las comisiones son presididas por diputadas.<\/p>\n","protected":false},"excerpt":{"rendered":"<p>Dar\u00edo Pale Xalapa, Ver.- La bancada de Morena respalda al presidente de la Junta de Coordinaci\u00f3n Pol\u00edtica (JUCOPO), Esteban Bautista Hern\u00e1ndez, tras la campa\u00f1a &#8220;sincronizada&#8221; que han emprendido en su contra, as\u00ed lo dio a conocer la vicecoordinadora del grupo legislativo de Morena en el Congreso de Veracruz, Naomi Edith G\u00f3mez Santos. Las diputadas Victoria [&hellip;]<\/p>\n","protected":false},"author":2476,"featured_media":62254,"comment_status":"open","ping_status":"open","sticky":false,"template":"","format":"standard","meta":{"_jetpack_memberships_contains_paid_content":false,"footnotes":""},"categories":[2],"tags":[],"class_list":["post-62253","post","type-post","status-publish","format-standard","has-post-thumbnail","hentry","category-estado"],"jetpack_featured_media_url":"https:\/\/encuentroinformativo.com.mx\/wp-content\/uploads\/2024\/12\/IMG-20241227-WA00882.jpg","jetpack_sharing_enabled":true,"jetpack_likes_enabled":true,"amp_enabled":true,"_links":{"self":[{"href":"https:\/\/encuentroinformativo.com.mx\/index.php?rest_route=\/wp\/v2\/posts\/62253","targetHints":{"allow":["GET"]}}],"collection":[{"href":"https:\/\/encuentroinformativo.com.mx\/index.php?rest_route=\/wp\/v2\/posts"}],"about":[{"href":"https:\/\/encuentroinformativo.com.mx\/index.php?rest_route=\/wp\/v2\/types\/post"}],"author":[{"embeddable":true,"href":"https:\/\/encuentroinformativo.com.mx\/index.php?rest_route=\/wp\/v2\/users\/2476"}],"replies":[{"embeddable":true,"href":"https:\/\/encuentroinformativo.com.mx\/index.php?rest_route=%2Fwp%2Fv2%2Fcomments&post=62253"}],"version-history":[{"count":1,"href":"https:\/\/encuentroinformativo.com.mx\/index.php?rest_route=\/wp\/v2\/posts\/62253\/revisions"}],"predecessor-version":[{"id":62255,"href":"https:\/\/encuentroinformativo.com.mx\/index.php?rest_route=\/wp\/v2\/posts\/62253\/revisions\/62255"}],"wp:featuredmedia":[{"embeddable":true,"href":"https:\/\/encuentroinformativo.com.mx\/index.php?rest_route=\/wp\/v2\/media\/62254"}],"wp:attachment":[{"href":"https:\/\/encuentroinformativo.com.mx\/index.php?rest_route=%2Fwp%2Fv2%2Fmedia&parent=62253"}],"wp:term":[{"taxonomy":"category","embeddable":true,"href":"https:\/\/encuentroinformativo.com.mx\/index.php?rest_route=%2Fwp%2Fv2%2Fcategories&post=62253"},{"taxonomy":"post_tag","embeddable":true,"href":"https:\/\/encuentroinformativo.com.mx\/index.php?rest_route=%2Fwp%2Fv2%2Ftags&post=62253"}],"curies":[{"name":"wp","href":"https:\/\/api.w.org\/{rel}","templated":true}]}}