{"id":62283,"date":"2024-12-30T13:32:23","date_gmt":"2024-12-30T19:32:23","guid":{"rendered":"https:\/\/encuentroinformativo.com.mx\/?p=62283"},"modified":"2024-12-30T13:32:23","modified_gmt":"2024-12-30T19:32:23","slug":"familiares-reclaman-justicia-para-senora-agredida-en-negocio-de-comida","status":"publish","type":"post","link":"https:\/\/encuentroinformativo.com.mx\/?p=62283","title":{"rendered":"Familiares reclaman justicia para se\u00f1ora agredida en negocio de comida"},"content":{"rendered":"<p><strong><span style=\"font-size: 1rem;\">Dar\u00edo Pale<\/span><\/strong><\/p>\n<p>Xalapa, Ver.- Se manifestaron en la plaza Lerdo, frente al palacio de Gobierno para exigir justicia, los familiares de la se\u00f1ora que fue quemada con aceite caliente en un negocio de venta de antojitos la tarde de este domingo en la colonia Revoluci\u00f3n de Xalapa.<\/p>\n<p>Entrevistada durante la manifestaci\u00f3n Mariza Dom\u00ednguez Ram\u00edrez, hija de la v\u00edctima, record\u00f3 que la agresi\u00f3n ocurri\u00f3 la tarde de este domingo en el negocio &#8220;Antojitos Rinconada&#8221; ubicado en la avenida Atenas de la colonia Revoluci\u00f3n.<\/p>\n<p>Dio a conocer que, tres mujeres que consumieron en dicho lugar acompa\u00f1adas de un sujeto, pidieron cuentas separadas y al no recibirlas debido a que hab\u00eda muchos comensales, se molestaron y comenzaron a insultar a las vendedoras dentro del negocio.<\/p>\n<p>Incluso la discusi\u00f3n lleg\u00f3 a los golpes entre uno de los hijos de la se\u00f1ora quemada y el hombre que acompa\u00f1aba a las mujeres.<\/p>\n<p>Tras el altercado, una de ellas regres\u00f3 y avent\u00f3 un sart\u00e9n con aceite caliente sobre la se\u00f1ora que preparaba los alimentos dentro del local.<\/p>\n<p>&#8220;Ya se iban, cuando una de ellas que se llama Regina Jazm\u00edn, regres\u00f3 y le avent\u00f3 el aceite caliente a mi mam\u00e1. Nosotros salimos a retenerlos, pero yo me regres\u00e9 con mi mam\u00e1 que estaba lesionada, salimos, dejamos que se fueran&#8221;, se\u00f1al\u00f3.<\/p>\n<p>&#8220;El d\u00eda de ayer habl\u00e9 a la Polic\u00eda porque nos dieron la direcci\u00f3n, fueron los polic\u00edas y nos dijeron que no se pod\u00eda hacer nada, que ten\u00eda que levantar el acta ante el Ministerio P\u00fablico, fuimos a levantar el acta y ahorita estamos en espera de que nos den el d\u00eda para que mi mam\u00e1 d\u00e9 sus declaraciones&#8221;.<\/p>\n<p>La vendedora de antojitos result\u00f3 con quemaduras de segundo grado en uno de sus brazos y pies. Luego de recibir atenci\u00f3n m\u00e9dica, ya se encuentra en su domicilio recuper\u00e1ndose.<\/p>\n<p>Durante la manifestaci\u00f3n la hija de la v\u00edctima precis\u00f3 que el costo de las curaciones fue de 9 mil pesos y dijo que no pide el pago de los gastos, si no que respondan ante las autoridades, pues la Polic\u00eda estatal no detuvo a las agresoras a pesar de que les proporcionaron los datos donde se ubicaba su domicilio horas despu\u00e9s de la agresi\u00f3n.<\/p>\n<p>&#8220;No pido que me den el dinero, lo que pido es que paguen, no es la manera. Si el aceite hubiera estado m\u00e1s caliente, porque en el negocio de antojitos tenemos el aceite m\u00e1s caliente, las heridas hubieran sido mayores&#8221;.<\/p>\n<p>Detall\u00f3 que la Fiscal\u00eda General del Estado les reiter\u00f3 el apoyo a las v\u00edctimas dando celeridad en la investigaci\u00f3n, pero hasta el medio d\u00eda de este lunes la agresora no ha sido detenida.<\/p>\n<p>&#8220;Les pido que esto no se quede as\u00ed nada m\u00e1s&#8230; que a los lugares que donde ellos vayan, vean qu\u00e9 tipo de personas son&#8221;.<\/p>\n<p>La agresi\u00f3n qued\u00f3 grabada en la c\u00e1mara de seguridad del negocio y tras su publicaci\u00f3n en redes sociales, las agresoras fueron identificadas.<\/p>\n<p><img loading=\"lazy\" decoding=\"async\" class=\"alignnone size-medium wp-image-62284\" src=\"https:\/\/encuentroinformativo.com.mx\/wp-content\/uploads\/2024\/12\/IMG-20241230-WA0147-300x225.jpg\" alt=\"\" width=\"300\" height=\"225\" srcset=\"https:\/\/encuentroinformativo.com.mx\/wp-content\/uploads\/2024\/12\/IMG-20241230-WA0147-300x225.jpg 300w, https:\/\/encuentroinformativo.com.mx\/wp-content\/uploads\/2024\/12\/IMG-20241230-WA0147-1024x768.jpg 1024w, https:\/\/encuentroinformativo.com.mx\/wp-content\/uploads\/2024\/12\/IMG-20241230-WA0147-768x576.jpg 768w, https:\/\/encuentroinformativo.com.mx\/wp-content\/uploads\/2024\/12\/IMG-20241230-WA0147-1536x1152.jpg 1536w, https:\/\/encuentroinformativo.com.mx\/wp-content\/uploads\/2024\/12\/IMG-20241230-WA0147.jpg 1600w\" sizes=\"auto, (max-width: 300px) 100vw, 300px\" \/><\/p>\n","protected":false},"excerpt":{"rendered":"<p>Dar\u00edo Pale Xalapa, Ver.- Se manifestaron en la plaza Lerdo, frente al palacio de Gobierno para exigir justicia, los familiares de la se\u00f1ora que fue quemada con aceite caliente en un negocio de venta de antojitos la tarde de este domingo en la colonia Revoluci\u00f3n de Xalapa. Entrevistada durante la manifestaci\u00f3n Mariza Dom\u00ednguez Ram\u00edrez, hija [&hellip;]<\/p>\n","protected":false},"author":2476,"featured_media":62286,"comment_status":"open","ping_status":"open","sticky":false,"template":"","format":"standard","meta":{"_jetpack_memberships_contains_paid_content":false,"footnotes":""},"categories":[3],"tags":[],"class_list":["post-62283","post","type-post","status-publish","format-standard","has-post-thumbnail","hentry","category-xalapa"],"jetpack_featured_media_url":"https:\/\/encuentroinformativo.com.mx\/wp-content\/uploads\/2024\/12\/IMG-20241230-WA0149.jpg","jetpack_sharing_enabled":true,"jetpack_likes_enabled":true,"amp_enabled":true,"_links":{"self":[{"href":"https:\/\/encuentroinformativo.com.mx\/index.php?rest_route=\/wp\/v2\/posts\/62283","targetHints":{"allow":["GET"]}}],"collection":[{"href":"https:\/\/encuentroinformativo.com.mx\/index.php?rest_route=\/wp\/v2\/posts"}],"about":[{"href":"https:\/\/encuentroinformativo.com.mx\/index.php?rest_route=\/wp\/v2\/types\/post"}],"author":[{"embeddable":true,"href":"https:\/\/encuentroinformativo.com.mx\/index.php?rest_route=\/wp\/v2\/users\/2476"}],"replies":[{"embeddable":true,"href":"https:\/\/encuentroinformativo.com.mx\/index.php?rest_route=%2Fwp%2Fv2%2Fcomments&post=62283"}],"version-history":[{"count":2,"href":"https:\/\/encuentroinformativo.com.mx\/index.php?rest_route=\/wp\/v2\/posts\/62283\/revisions"}],"predecessor-version":[{"id":62287,"href":"https:\/\/encuentroinformativo.com.mx\/index.php?rest_route=\/wp\/v2\/posts\/62283\/revisions\/62287"}],"wp:featuredmedia":[{"embeddable":true,"href":"https:\/\/encuentroinformativo.com.mx\/index.php?rest_route=\/wp\/v2\/media\/62286"}],"wp:attachment":[{"href":"https:\/\/encuentroinformativo.com.mx\/index.php?rest_route=%2Fwp%2Fv2%2Fmedia&parent=62283"}],"wp:term":[{"taxonomy":"category","embeddable":true,"href":"https:\/\/encuentroinformativo.com.mx\/index.php?rest_route=%2Fwp%2Fv2%2Fcategories&post=62283"},{"taxonomy":"post_tag","embeddable":true,"href":"https:\/\/encuentroinformativo.com.mx\/index.php?rest_route=%2Fwp%2Fv2%2Ftags&post=62283"}],"curies":[{"name":"wp","href":"https:\/\/api.w.org\/{rel}","templated":true}]}}