{"id":62288,"date":"2024-12-31T12:58:37","date_gmt":"2024-12-31T18:58:37","guid":{"rendered":"https:\/\/encuentroinformativo.com.mx\/?p=62288"},"modified":"2024-12-31T12:58:37","modified_gmt":"2024-12-31T18:58:37","slug":"con-mensaje-de-fin-de-ano-fabian-cardenas-se-declara-listo-para-tomar-protesta-como-alcalde-de-lerdo","status":"publish","type":"post","link":"https:\/\/encuentroinformativo.com.mx\/?p=62288","title":{"rendered":"Con mensaje de Fin de A\u00f1o Fabi\u00e1n C\u00e1rdenas se declara listo para tomar protesta como alcalde de Lerdo"},"content":{"rendered":"<p><strong><span style=\"font-size: 1rem;\">Alejandro \u00c1vila<\/span><\/strong><\/p>\n<p>Lerdo de Tejada, Ver.- Un mensaje de buenos deseos para el 2025, el alcalde electo de Lerdo de Tejada, Fabi\u00e1n C\u00e1rdenas Sosa, se declara listo para tomar protesta y cumplir, al menos, el \u00faltimo a\u00f1o de labor administrativa.<\/p>\n<p>Cabe recordar que, Jorge Fabi\u00e1n C\u00e1rdenas Sosa, fue detenido previo a tomar protesta como presidente municipal, y cumpli\u00f3 una condena de tres a\u00f1os en prisi\u00f3n por el presunto delito de secuestro y amenazas.<\/p>\n<p>El funcionario p\u00fablico fue preso pol\u00edtico del ex gobernador, Cuitl\u00e1huac Garc\u00eda Jim\u00e9nez y, el ex secretario de Gobierno, Eric Cisneros Burgos, por lo que a la llegada del actual gobernadora, Roc\u00edo Nahle Garc\u00eda, fue liberado y se declara listo para cumplir las funciones como alcalde del pueblo que lo vot\u00f3 hace tres a\u00f1os.<\/p>\n<p><span style=\"font-size: 1rem;\">&#8220;Este pr\u00f3ximo a\u00f1o que est\u00e1 por iniciar los quiero ver cumplir todas sus metas y sue\u00f1os, este 2025 creo no nos falte el trabajo, la salud, el cari\u00f1o de nuestra familia y la cercan\u00eda de nuestros amigos, gocemos de abundancia y de la gracia del creador, consolidando nuestros anhelos que estoy seguro ser\u00e1n toda una realidad, reciban este mensaje con mi sincero agradecimiento por su apoyo y cari\u00f1o, su amigo hoy y siempre, Fabi\u00e1n C\u00e1rdenas Sosa, nos vemos pronto&#8221;, expres\u00f3 en un video.<\/span><\/p>\n","protected":false},"excerpt":{"rendered":"<p>Alejandro \u00c1vila Lerdo de Tejada, Ver.- Un mensaje de buenos deseos para el 2025, el alcalde electo de Lerdo de Tejada, Fabi\u00e1n C\u00e1rdenas Sosa, se declara listo para tomar protesta y cumplir, al menos, el \u00faltimo a\u00f1o de labor administrativa. Cabe recordar que, Jorge Fabi\u00e1n C\u00e1rdenas Sosa, fue detenido previo a tomar protesta como presidente [&hellip;]<\/p>\n","protected":false},"author":2476,"featured_media":62289,"comment_status":"open","ping_status":"open","sticky":false,"template":"","format":"standard","meta":{"_jetpack_memberships_contains_paid_content":false,"footnotes":""},"categories":[2],"tags":[],"class_list":["post-62288","post","type-post","status-publish","format-standard","has-post-thumbnail","hentry","category-estado"],"jetpack_featured_media_url":"https:\/\/encuentroinformativo.com.mx\/wp-content\/uploads\/2024\/12\/IMG-20241231-WA0047.jpg","jetpack_sharing_enabled":true,"jetpack_likes_enabled":true,"amp_enabled":true,"_links":{"self":[{"href":"https:\/\/encuentroinformativo.com.mx\/index.php?rest_route=\/wp\/v2\/posts\/62288","targetHints":{"allow":["GET"]}}],"collection":[{"href":"https:\/\/encuentroinformativo.com.mx\/index.php?rest_route=\/wp\/v2\/posts"}],"about":[{"href":"https:\/\/encuentroinformativo.com.mx\/index.php?rest_route=\/wp\/v2\/types\/post"}],"author":[{"embeddable":true,"href":"https:\/\/encuentroinformativo.com.mx\/index.php?rest_route=\/wp\/v2\/users\/2476"}],"replies":[{"embeddable":true,"href":"https:\/\/encuentroinformativo.com.mx\/index.php?rest_route=%2Fwp%2Fv2%2Fcomments&post=62288"}],"version-history":[{"count":2,"href":"https:\/\/encuentroinformativo.com.mx\/index.php?rest_route=\/wp\/v2\/posts\/62288\/revisions"}],"predecessor-version":[{"id":62291,"href":"https:\/\/encuentroinformativo.com.mx\/index.php?rest_route=\/wp\/v2\/posts\/62288\/revisions\/62291"}],"wp:featuredmedia":[{"embeddable":true,"href":"https:\/\/encuentroinformativo.com.mx\/index.php?rest_route=\/wp\/v2\/media\/62289"}],"wp:attachment":[{"href":"https:\/\/encuentroinformativo.com.mx\/index.php?rest_route=%2Fwp%2Fv2%2Fmedia&parent=62288"}],"wp:term":[{"taxonomy":"category","embeddable":true,"href":"https:\/\/encuentroinformativo.com.mx\/index.php?rest_route=%2Fwp%2Fv2%2Fcategories&post=62288"},{"taxonomy":"post_tag","embeddable":true,"href":"https:\/\/encuentroinformativo.com.mx\/index.php?rest_route=%2Fwp%2Fv2%2Ftags&post=62288"}],"curies":[{"name":"wp","href":"https:\/\/api.w.org\/{rel}","templated":true}]}}