{"id":6229,"date":"2020-09-27T14:22:20","date_gmt":"2020-09-27T19:22:20","guid":{"rendered":"https:\/\/encuentroinformativo.com.mx\/?p=6229"},"modified":"2020-09-27T14:22:39","modified_gmt":"2020-09-27T19:22:39","slug":"en-breve-se-resolvera-conflicto-de-bosque-en-coatepec-huerta","status":"publish","type":"post","link":"https:\/\/encuentroinformativo.com.mx\/?p=6229","title":{"rendered":"En breve se resolver\u00e1 conflicto de bosque en Coatepec: Huerta"},"content":{"rendered":"\n<p><strong>Juan Arcos <\/strong><\/p>\n\n\n\n<p>Xalapa, Ver.- En la primera semana de octubre ser\u00e1 resuelto el conflicto por la invasi\u00f3n de una \u00e1rea natural en el municipio de Coatepec, conocida como \u201cSierra Alta\u201d.<\/p>\n\n\n\n<p>El delegado de Programas Sociales en Veracruz, Manuel Huerta Ladr\u00f3n de Guevara, hizo esa promesa a los integrantes del movimiento en Defensa de la Sierra de Coatepec, quienes protestaron durante la visita del presidente de la Rep\u00fablica, Andr\u00e9s Manuel L\u00f3pez Obrado, a la entidad.<\/p>\n\n\n\n<p>\u201cRecibo y entrego (la solicitud al Presidente) y qued\u00e9 de establecer unos contactos a partir del martes (29 de septiembre). Estoy muy convencido de que antes de la primera semana de octubre va a haber una soluci\u00f3n conforme a la ley y a los intereses leg\u00edtimos que tienen todos los ciudadanos, en particular ustedes\u201d.<\/p>\n\n\n\n<p>El funcionario federal indic\u00f3 que si las personas que invadieron los terrenos particulares resultan haber violentado la ley, las autoridades proceder\u00e1n en su contra.<\/p>\n\n\n\n<p>\u201cLa ley lo va a determinar, yo no soy quien juzga pero s\u00e9 que los que han presentado sus documentos conforme a la ley, van a ser atendidos, los que cometieron alg\u00fan otro tipo de actitud violentando la ley, inclusive corren riesgo de otro tipo de sanciones, es lo que les puedo decir, recuerden que si hablo de m\u00e1s echo a perder las cosas\u201d, expres\u00f3 Huerta Ladr\u00f3n de Guevara a los manifestantes.<\/p>\n\n\n\n<p>Los quejosos recordaron al delegado que hay denuncias presentadas desde julio de 2019 y, hasta el momento, las carpetas de investigaci\u00f3n no han siendo integradas ni judicializadas.<\/p>\n\n\n\n<p>Tambi\u00e9n expusieron que el pr\u00f3ximo 2 de octubre se llevar\u00e1 a cabo la audiencia de restituci\u00f3n, pues se han acreditado delitos y los due\u00f1os han iniciado una lucha legal y social para que sean restituidos sus terrenos.<br>Adem\u00e1s, enfatizaron que fue tramitado el amparo n\u00famero 373\/2020, donde se plantean irregularidades por la falsificaci\u00f3n de una constancia, con la cual los invasores, integrantes de la Central Independiente de Obreros Agr\u00edcolas y Campesinos (CIOAC), encabezados por Francisco Ruiz Hern\u00e1ndez, promovieron un deslinde ante la Secretar\u00eda de Desarrollo Agrario, Territorial y Ubano (Sedatu) para apropiarse del lugar, construir viviendas y da\u00f1ar el entorno ecol\u00f3gico.<\/p>\n\n\n\n<p>\u201cNosotros no hemos accedido al expediente por parte de la Sedatu, lo que pedimos es que la autoridad se apegue a las normas y se apegue a derecho\u201d, manifestaron los ciudadanos.<\/p>\n\n\n\n<p>Cabe recordar que, en 2019, unos 140 miembros de CIOAC invadieron un terreno de unas 2 mil hect\u00e1reas, donde se ha documentado tala clandestina y la contaminaci\u00f3n del entorno, donde habitan decenas de especies end\u00e9micas de flora y fauna.<\/p>\n","protected":false},"excerpt":{"rendered":"<p>Juan Arcos Xalapa, Ver.- En la primera semana de octubre ser\u00e1 resuelto el conflicto por la invasi\u00f3n de una \u00e1rea natural en el municipio de Coatepec, conocida como \u201cSierra Alta\u201d. El delegado de Programas Sociales en Veracruz, Manuel Huerta Ladr\u00f3n de Guevara, hizo esa promesa a los integrantes del movimiento en Defensa de la Sierra [&hellip;]<\/p>\n","protected":false},"author":1,"featured_media":6230,"comment_status":"open","ping_status":"open","sticky":false,"template":"","format":"standard","meta":{"_jetpack_memberships_contains_paid_content":false,"footnotes":""},"categories":[8],"tags":[],"class_list":["post-6229","post","type-post","status-publish","format-standard","has-post-thumbnail","hentry","category-region"],"jetpack_featured_media_url":"https:\/\/encuentroinformativo.com.mx\/wp-content\/uploads\/2020\/09\/9D92298F-359F-41D4-9B3F-8D21414C4C31.jpeg","jetpack_sharing_enabled":true,"jetpack_likes_enabled":true,"amp_enabled":true,"_links":{"self":[{"href":"https:\/\/encuentroinformativo.com.mx\/index.php?rest_route=\/wp\/v2\/posts\/6229","targetHints":{"allow":["GET"]}}],"collection":[{"href":"https:\/\/encuentroinformativo.com.mx\/index.php?rest_route=\/wp\/v2\/posts"}],"about":[{"href":"https:\/\/encuentroinformativo.com.mx\/index.php?rest_route=\/wp\/v2\/types\/post"}],"author":[{"embeddable":true,"href":"https:\/\/encuentroinformativo.com.mx\/index.php?rest_route=\/wp\/v2\/users\/1"}],"replies":[{"embeddable":true,"href":"https:\/\/encuentroinformativo.com.mx\/index.php?rest_route=%2Fwp%2Fv2%2Fcomments&post=6229"}],"version-history":[{"count":1,"href":"https:\/\/encuentroinformativo.com.mx\/index.php?rest_route=\/wp\/v2\/posts\/6229\/revisions"}],"predecessor-version":[{"id":6231,"href":"https:\/\/encuentroinformativo.com.mx\/index.php?rest_route=\/wp\/v2\/posts\/6229\/revisions\/6231"}],"wp:featuredmedia":[{"embeddable":true,"href":"https:\/\/encuentroinformativo.com.mx\/index.php?rest_route=\/wp\/v2\/media\/6230"}],"wp:attachment":[{"href":"https:\/\/encuentroinformativo.com.mx\/index.php?rest_route=%2Fwp%2Fv2%2Fmedia&parent=6229"}],"wp:term":[{"taxonomy":"category","embeddable":true,"href":"https:\/\/encuentroinformativo.com.mx\/index.php?rest_route=%2Fwp%2Fv2%2Fcategories&post=6229"},{"taxonomy":"post_tag","embeddable":true,"href":"https:\/\/encuentroinformativo.com.mx\/index.php?rest_route=%2Fwp%2Fv2%2Ftags&post=6229"}],"curies":[{"name":"wp","href":"https:\/\/api.w.org\/{rel}","templated":true}]}}