{"id":62298,"date":"2024-12-31T14:15:58","date_gmt":"2024-12-31T20:15:58","guid":{"rendered":"https:\/\/encuentroinformativo.com.mx\/?p=62298"},"modified":"2024-12-31T14:15:58","modified_gmt":"2024-12-31T20:15:58","slug":"en-vispera-de-reyes-incrementan-ventas-en-comercios-xalapenos","status":"publish","type":"post","link":"https:\/\/encuentroinformativo.com.mx\/?p=62298","title":{"rendered":"En v\u00edspera de Reyes, incrementan ventas en comercios xalape\u00f1os"},"content":{"rendered":"<p><strong><span style=\"font-size: 1rem;\">Dar\u00edo Pale<\/span><\/strong><\/p>\n<p>Xalapa, Ver.- El regidor Diego Florescano P\u00e9rez, titular de la Comisi\u00f3n Edilicia de Comercio dio a conocer que debido a la cercan\u00eda de la fecha del d\u00eda de los Reyes Magos se observa un incremento en el comercio local de Xalapa.<\/p>\n<p>En entrevista se\u00f1al\u00f3 que el Ayuntamiento mantiene operativos de vigilancia en coordinaci\u00f3n con diversas \u00e1reas municipales y estatales para garantizar el orden y la seguridad de los consumidores.<\/p>\n<p>\u201cEn toda la zona centro y la periferia de la ciudad hay dispositivos implementados por el Ayuntamiento para procurar que el cierre de este a\u00f1o y la temporada de ventas concluyan con tranquilidad y armon\u00eda. Tenemos una gran afluencia de compradores de todos los giros; la gente sigue comprando, ahora juguetes (\u2026) se est\u00e1n preparando para la temporada de Reyes\u201d, se\u00f1al\u00f3.<\/p>\n<p>Florescano P\u00e9rez destac\u00f3 que esta temporada es fundamental para los comerciantes de la ciudad, quienes aprovechan el aumento en la demanda de juguetes, dulces y otros productos tradicionales para fortalecer sus ingresos.<\/p>\n<p>\u201cEstamos trabajando para que el comercio en Xalapa se lleve a cabo de manera ordenada y segura, especialmente en estas fechas que son cruciales para la econom\u00eda local. La vigilancia es constante y se realiza con la colaboraci\u00f3n de distintas \u00e1reas\u201d, coment\u00f3.<\/p>\n<p>En ese sentido, exhort\u00f3 a la ciudadan\u00eda a realizar sus compras en los establecimientos locales y apoyar a los peque\u00f1os comerciantes que contribuyen al desarrollo econ\u00f3mico de la regi\u00f3n.<\/p>\n<p>Adem\u00e1s, pidi\u00f3 a los compradores atender las recomendaciones de seguridad y respetar las medidas implementadas por las autoridades.<\/p>\n<p>Asimismo, reiter\u00f3 el compromiso del Ayuntamiento de seguir impulsando acciones que beneficien al sector comercial y permitan mantener una ciudad segura y ordenada en este cierre de a\u00f1o.<\/p>\n<p>Finalmente dijo que, \u201ctambi\u00e9n las grandes tiendas, en los centros comerciales, ya ofrecen atractivos descuentos (\u2026). Adem\u00e1s, la derrama econ\u00f3mica en el sector gastron\u00f3mico ha sido muy importante; esta derrama es una espiral que beneficia a todos, incluso a los comercios ambulantes\u201d.<\/p>\n","protected":false},"excerpt":{"rendered":"<p>Dar\u00edo Pale Xalapa, Ver.- El regidor Diego Florescano P\u00e9rez, titular de la Comisi\u00f3n Edilicia de Comercio dio a conocer que debido a la cercan\u00eda de la fecha del d\u00eda de los Reyes Magos se observa un incremento en el comercio local de Xalapa. En entrevista se\u00f1al\u00f3 que el Ayuntamiento mantiene operativos de vigilancia en coordinaci\u00f3n [&hellip;]<\/p>\n","protected":false},"author":2476,"featured_media":62299,"comment_status":"open","ping_status":"open","sticky":false,"template":"","format":"standard","meta":{"_jetpack_memberships_contains_paid_content":false,"footnotes":""},"categories":[2],"tags":[],"class_list":["post-62298","post","type-post","status-publish","format-standard","has-post-thumbnail","hentry","category-estado"],"jetpack_featured_media_url":"https:\/\/encuentroinformativo.com.mx\/wp-content\/uploads\/2024\/12\/IMG-20241231-WA01282.jpg","jetpack_sharing_enabled":true,"jetpack_likes_enabled":true,"amp_enabled":true,"_links":{"self":[{"href":"https:\/\/encuentroinformativo.com.mx\/index.php?rest_route=\/wp\/v2\/posts\/62298","targetHints":{"allow":["GET"]}}],"collection":[{"href":"https:\/\/encuentroinformativo.com.mx\/index.php?rest_route=\/wp\/v2\/posts"}],"about":[{"href":"https:\/\/encuentroinformativo.com.mx\/index.php?rest_route=\/wp\/v2\/types\/post"}],"author":[{"embeddable":true,"href":"https:\/\/encuentroinformativo.com.mx\/index.php?rest_route=\/wp\/v2\/users\/2476"}],"replies":[{"embeddable":true,"href":"https:\/\/encuentroinformativo.com.mx\/index.php?rest_route=%2Fwp%2Fv2%2Fcomments&post=62298"}],"version-history":[{"count":1,"href":"https:\/\/encuentroinformativo.com.mx\/index.php?rest_route=\/wp\/v2\/posts\/62298\/revisions"}],"predecessor-version":[{"id":62300,"href":"https:\/\/encuentroinformativo.com.mx\/index.php?rest_route=\/wp\/v2\/posts\/62298\/revisions\/62300"}],"wp:featuredmedia":[{"embeddable":true,"href":"https:\/\/encuentroinformativo.com.mx\/index.php?rest_route=\/wp\/v2\/media\/62299"}],"wp:attachment":[{"href":"https:\/\/encuentroinformativo.com.mx\/index.php?rest_route=%2Fwp%2Fv2%2Fmedia&parent=62298"}],"wp:term":[{"taxonomy":"category","embeddable":true,"href":"https:\/\/encuentroinformativo.com.mx\/index.php?rest_route=%2Fwp%2Fv2%2Fcategories&post=62298"},{"taxonomy":"post_tag","embeddable":true,"href":"https:\/\/encuentroinformativo.com.mx\/index.php?rest_route=%2Fwp%2Fv2%2Ftags&post=62298"}],"curies":[{"name":"wp","href":"https:\/\/api.w.org\/{rel}","templated":true}]}}