{"id":62301,"date":"2025-01-01T19:09:37","date_gmt":"2025-01-02T01:09:37","guid":{"rendered":"https:\/\/encuentroinformativo.com.mx\/?p=62301"},"modified":"2025-01-01T19:09:37","modified_gmt":"2025-01-02T01:09:37","slug":"boquenos-y-visitantes-vivieron-la-celebracion-de-ano-nuevo-con-tranquilidad-alcalde-jm-unanue","status":"publish","type":"post","link":"https:\/\/encuentroinformativo.com.mx\/?p=62301","title":{"rendered":"Boque\u00f1os y visitantes vivieron la celebraci\u00f3n de a\u00f1o nuevo con tranquilidad: Alcalde JM Un\u00e1nue"},"content":{"rendered":"<p><strong><span style=\"font-size: 1rem;\">* Saldo blanco en Boca del R\u00edo durante las fiestas del \u00faltimo d\u00eda del a\u00f1o, report\u00f3 Protecci\u00f3n Civil municipal.<\/span><\/strong><\/p>\n<p>Boca del Rio, Ver.- Gracias a un esfuerzo coordinado, boque\u00f1os y visitantes disfrutaron la celebraci\u00f3n de A\u00f1o Nuevo 2025 en una ciudad tranquila y en orden, enfatiz\u00f3 el alcalde de Boca del R\u00edo, Juan Manuel Un\u00e1nue Abascal.<\/p>\n<p>\u201cComo cada inicio del a\u00f1o, activamos un operativo para resguardar a los espectadores que disfrutaron del amanecer y garantizar que nuestro bulevar se mantuviera limpio y seguro para todos\u201d, destac\u00f3 Un\u00e1nue Abascal.<\/p>\n<p>La autoridad municipal implement\u00f3 un operativo especial desde las primeras horas del 31 de diciembre, para que el municipio se conservara en paz ya que miles de personas disfrutaron de plazas comerciales y de distintos prestadores de servicios.<\/p>\n<p>En tanto, Jorge Roberto Rojas Hern\u00e1ndez, Director de Protecci\u00f3n Civil de Boca del R\u00edo, coment\u00f3 que el Operativo Nuevo Amanecer en el bulevar Manuel \u00c1vila Camacho se registr\u00f3 sin incidentes.<\/p>\n<p>\u201cSaldo blanco, afortunadamente no hemos tenido ning\u00fan incidente. Continuaremos durante las pr\u00f3ximas horas de este d\u00eda realizando los recorridos de vigilancia\u201d, abund\u00f3 el funcionario.<\/p>\n<p>Inform\u00f3 que particip\u00f3 personal de la Direcci\u00f3n de Gobernaci\u00f3n, Tr\u00e1nsito Municipal, Polic\u00eda Municipal, Protecci\u00f3n Civil, Comercio, Guardia Nacional y la Marina Armada de M\u00e9xico.<\/p>\n<p>Asimismo, Rojas Hern\u00e1ndez destac\u00f3 que adem\u00e1s se mantuvo puntual vigilancia en la zona de playas a trav\u00e9s de los guardavidas municipales en las 10 torres en la zona de costa, contando tambi\u00e9n con el apoyo de la Unidad Mar\u00edtima de la Polic\u00eda Estatal.<\/p>\n<p>Por otra parte, se exhorta a la poblaci\u00f3n que asista a las playas durante este periodo vacacional, a que siga las recomendaciones y las medidas preventivas que se encuentran en los accesos de cada playa, adem\u00e1s de las que sean emitidas por el personal de Protecci\u00f3n Civil municipal.<\/p>\n<p>Menci\u00f3n especial a los elementos de la Direcci\u00f3n de Limpia P\u00fablica municipal, quienes, inmediatamente una vez desalojado el bulevar, realizaron la limpieza de este, dejando esta importante vialidad en \u00f3ptimas condiciones para su disfrute.<\/p>\n<p>Finalmente, el Ayuntamiento de Boca del R\u00edo exhorta a la poblaci\u00f3n en general y turistas, a seguir las recomendaciones que emitan las diferentes autoridades, con el objetivo de que puedan concluir con bien el periodo vacacional decembrino.<\/p>\n<p><img loading=\"lazy\" decoding=\"async\" class=\"alignnone size-medium wp-image-62303\" src=\"https:\/\/encuentroinformativo.com.mx\/wp-content\/uploads\/2025\/01\/IMG-20250101-WA0114-300x200.jpg\" alt=\"\" width=\"300\" height=\"200\" srcset=\"https:\/\/encuentroinformativo.com.mx\/wp-content\/uploads\/2025\/01\/IMG-20250101-WA0114-300x200.jpg 300w, https:\/\/encuentroinformativo.com.mx\/wp-content\/uploads\/2025\/01\/IMG-20250101-WA0114-1024x682.jpg 1024w, https:\/\/encuentroinformativo.com.mx\/wp-content\/uploads\/2025\/01\/IMG-20250101-WA0114-768x511.jpg 768w, https:\/\/encuentroinformativo.com.mx\/wp-content\/uploads\/2025\/01\/IMG-20250101-WA0114.jpg 1280w\" sizes=\"auto, (max-width: 300px) 100vw, 300px\" \/><\/p>\n","protected":false},"excerpt":{"rendered":"<p>* Saldo blanco en Boca del R\u00edo durante las fiestas del \u00faltimo d\u00eda del a\u00f1o, report\u00f3 Protecci\u00f3n Civil municipal. Boca del Rio, Ver.- Gracias a un esfuerzo coordinado, boque\u00f1os y visitantes disfrutaron la celebraci\u00f3n de A\u00f1o Nuevo 2025 en una ciudad tranquila y en orden, enfatiz\u00f3 el alcalde de Boca del R\u00edo, Juan Manuel Un\u00e1nue [&hellip;]<\/p>\n","protected":false},"author":2476,"featured_media":62302,"comment_status":"open","ping_status":"open","sticky":false,"template":"","format":"standard","meta":{"_jetpack_memberships_contains_paid_content":false,"footnotes":""},"categories":[2],"tags":[],"class_list":["post-62301","post","type-post","status-publish","format-standard","has-post-thumbnail","hentry","category-estado"],"jetpack_featured_media_url":"https:\/\/encuentroinformativo.com.mx\/wp-content\/uploads\/2025\/01\/IMG-20250101-WA0111.jpg","jetpack_sharing_enabled":true,"jetpack_likes_enabled":true,"amp_enabled":true,"_links":{"self":[{"href":"https:\/\/encuentroinformativo.com.mx\/index.php?rest_route=\/wp\/v2\/posts\/62301","targetHints":{"allow":["GET"]}}],"collection":[{"href":"https:\/\/encuentroinformativo.com.mx\/index.php?rest_route=\/wp\/v2\/posts"}],"about":[{"href":"https:\/\/encuentroinformativo.com.mx\/index.php?rest_route=\/wp\/v2\/types\/post"}],"author":[{"embeddable":true,"href":"https:\/\/encuentroinformativo.com.mx\/index.php?rest_route=\/wp\/v2\/users\/2476"}],"replies":[{"embeddable":true,"href":"https:\/\/encuentroinformativo.com.mx\/index.php?rest_route=%2Fwp%2Fv2%2Fcomments&post=62301"}],"version-history":[{"count":1,"href":"https:\/\/encuentroinformativo.com.mx\/index.php?rest_route=\/wp\/v2\/posts\/62301\/revisions"}],"predecessor-version":[{"id":62304,"href":"https:\/\/encuentroinformativo.com.mx\/index.php?rest_route=\/wp\/v2\/posts\/62301\/revisions\/62304"}],"wp:featuredmedia":[{"embeddable":true,"href":"https:\/\/encuentroinformativo.com.mx\/index.php?rest_route=\/wp\/v2\/media\/62302"}],"wp:attachment":[{"href":"https:\/\/encuentroinformativo.com.mx\/index.php?rest_route=%2Fwp%2Fv2%2Fmedia&parent=62301"}],"wp:term":[{"taxonomy":"category","embeddable":true,"href":"https:\/\/encuentroinformativo.com.mx\/index.php?rest_route=%2Fwp%2Fv2%2Fcategories&post=62301"},{"taxonomy":"post_tag","embeddable":true,"href":"https:\/\/encuentroinformativo.com.mx\/index.php?rest_route=%2Fwp%2Fv2%2Ftags&post=62301"}],"curies":[{"name":"wp","href":"https:\/\/api.w.org\/{rel}","templated":true}]}}