{"id":62308,"date":"2025-01-02T13:45:32","date_gmt":"2025-01-02T19:45:32","guid":{"rendered":"https:\/\/encuentroinformativo.com.mx\/?p=62308"},"modified":"2025-01-02T13:45:32","modified_gmt":"2025-01-02T19:45:32","slug":"sindica-de-lerdo-de-tejada-se-niega-a-dejar-la-alcaldia","status":"publish","type":"post","link":"https:\/\/encuentroinformativo.com.mx\/?p=62308","title":{"rendered":"S\u00edndica de Lerdo de Tejada se niega a dejar la alcald\u00eda"},"content":{"rendered":"<p><strong style=\"font-size: 1rem;\">Alejandro \u00c1vila<\/strong><\/p>\n<p>Lerdo de Tejada, Ver.- La s\u00edndica en funciones del presidente municipal, Esther Arroniz, se niega a dejar la alcald\u00eda que asumi\u00f3 por suplencia hace tres a\u00f1os.<\/p>\n<p>Ciudadanos de Lerdo de Tejada se manifestaron la ma\u00f1ana de este jueves 2 de enero a las afueras del Palacio Municipal y acusan que la funcionaria p\u00fablica pretend\u00eda impulsar a su esposo como candidato en las pr\u00f3ximas elecciones a mediados de a\u00f1o, y por ello se niega a dejar el control del Ayuntamiento.<\/p>\n<p>Cabe recordar que el Congreso de Veracruz ya autoriz\u00f3 que el alcalde electo, Fabi\u00e1n C\u00e1rdenas Sosa, rinda protesta y tome el control del Ayuntamiento de Lerdo de Tejada a la brevedad posible, por lo que se espera que en las pr\u00f3ximas horas el funcionario que vot\u00f3 al pueblo sea colocado en el espacio que le corresponde tras haber pasado tres a\u00f1os como preso pol\u00edtico por presuntos delitos que no se le comprobaron.<\/p>\n<p>Pobladores de Lerdo de Tejada le hacen un llamado a las autoridades pertinentes y a la gobernadora Roc\u00edo Nahle, para que no permita este tipo de arbitrariedades.<\/p>\n","protected":false},"excerpt":{"rendered":"<p>Alejandro \u00c1vila Lerdo de Tejada, Ver.- La s\u00edndica en funciones del presidente municipal, Esther Arroniz, se niega a dejar la alcald\u00eda que asumi\u00f3 por suplencia hace tres a\u00f1os. Ciudadanos de Lerdo de Tejada se manifestaron la ma\u00f1ana de este jueves 2 de enero a las afueras del Palacio Municipal y acusan que la funcionaria p\u00fablica [&hellip;]<\/p>\n","protected":false},"author":2476,"featured_media":62309,"comment_status":"open","ping_status":"open","sticky":false,"template":"","format":"standard","meta":{"_jetpack_memberships_contains_paid_content":false,"footnotes":""},"categories":[2],"tags":[],"class_list":["post-62308","post","type-post","status-publish","format-standard","has-post-thumbnail","hentry","category-estado"],"jetpack_featured_media_url":"https:\/\/encuentroinformativo.com.mx\/wp-content\/uploads\/2025\/01\/IMG-20250102-WA00772.jpg","jetpack_sharing_enabled":true,"jetpack_likes_enabled":true,"amp_enabled":true,"_links":{"self":[{"href":"https:\/\/encuentroinformativo.com.mx\/index.php?rest_route=\/wp\/v2\/posts\/62308","targetHints":{"allow":["GET"]}}],"collection":[{"href":"https:\/\/encuentroinformativo.com.mx\/index.php?rest_route=\/wp\/v2\/posts"}],"about":[{"href":"https:\/\/encuentroinformativo.com.mx\/index.php?rest_route=\/wp\/v2\/types\/post"}],"author":[{"embeddable":true,"href":"https:\/\/encuentroinformativo.com.mx\/index.php?rest_route=\/wp\/v2\/users\/2476"}],"replies":[{"embeddable":true,"href":"https:\/\/encuentroinformativo.com.mx\/index.php?rest_route=%2Fwp%2Fv2%2Fcomments&post=62308"}],"version-history":[{"count":1,"href":"https:\/\/encuentroinformativo.com.mx\/index.php?rest_route=\/wp\/v2\/posts\/62308\/revisions"}],"predecessor-version":[{"id":62310,"href":"https:\/\/encuentroinformativo.com.mx\/index.php?rest_route=\/wp\/v2\/posts\/62308\/revisions\/62310"}],"wp:featuredmedia":[{"embeddable":true,"href":"https:\/\/encuentroinformativo.com.mx\/index.php?rest_route=\/wp\/v2\/media\/62309"}],"wp:attachment":[{"href":"https:\/\/encuentroinformativo.com.mx\/index.php?rest_route=%2Fwp%2Fv2%2Fmedia&parent=62308"}],"wp:term":[{"taxonomy":"category","embeddable":true,"href":"https:\/\/encuentroinformativo.com.mx\/index.php?rest_route=%2Fwp%2Fv2%2Fcategories&post=62308"},{"taxonomy":"post_tag","embeddable":true,"href":"https:\/\/encuentroinformativo.com.mx\/index.php?rest_route=%2Fwp%2Fv2%2Ftags&post=62308"}],"curies":[{"name":"wp","href":"https:\/\/api.w.org\/{rel}","templated":true}]}}