{"id":62325,"date":"2025-01-02T15:11:31","date_gmt":"2025-01-02T21:11:31","guid":{"rendered":"https:\/\/encuentroinformativo.com.mx\/?p=62325"},"modified":"2025-01-02T15:12:12","modified_gmt":"2025-01-02T21:12:12","slug":"pide-gobernadora-responsabilidad-ante-manifestaciones-en-lerdo-de-tejada","status":"publish","type":"post","link":"https:\/\/encuentroinformativo.com.mx\/?p=62325","title":{"rendered":"Pide Gobernadora responsabilidad ante manifestaciones en Lerdo de Tejada"},"content":{"rendered":"<p><strong><span style=\"font-size: 1rem;\">Dar\u00edo Pale<\/span><\/strong><\/p>\n<p>Xalapa, Ver.- Pide la gobernadora Roc\u00edo Nahle Garc\u00eda al alcalde de Lerdo de Tejada que se haga responsable de su manifestaci\u00f3n y que le corresponder\u00e1 al Congreso Local atender el tema para que tome posesi\u00f3n, tras su salida de la c\u00e1rcel.<\/p>\n<p>En conferencia de prensa dijo que le corresponder\u00e1 al Congreso Local decidir cuando podr\u00eda tomar protesta Fabi\u00e1n C\u00e1rdenas Sosa como alcalde de Lerdo de Tejada en su \u00faltimo a\u00f1o de administraci\u00f3n municipal, tras su salida de la c\u00e1rcel.<\/p>\n<p>Sin embargo, hizo un llamado a atender la situaci\u00f3n de la toma de protesta del ayuntamiento por sus simpatizantes.<\/p>\n<p>&#8220;De nuestra parte lo que determine el Congreso esta bien. Lo que si es que hay que hacer un llamado, porque cuando alguien tiene un liderazgo, tiene responsabilidad&#8221;, se\u00f1al\u00f3.<\/p>\n<p>Dijo que si bien es cierto los ciudadanos son libres de manifestarse, tambi\u00e9n se debe hacer con responsabilidad.<\/p>\n<p>&#8220;En tu mismo movimiento y entonces las personas son libres de manifestarse en Veracruz, aqui hay libertad absoluta, nada m\u00e1s que todo con una debida responsabilidad, eso es lo que queremos, tienen derecho a expresar con orden y se tiene que hacer responsable de la gente que lo acompa\u00f1a, es una responsabilidad que debe tener \u00e9l&#8221;, coment\u00f3.<\/p>\n<p>Cabe recordar que este d\u00eda, simpatizantes del alcalde electo Fabi\u00e1n C\u00e1rdenas Sosa, tomaron el palacio municipal de Lerdo de Tejada para exigir la renuncia de la s\u00edndica, con funciones de alcaldesa, Mar\u00eda Esther Arr\u00f3niz.<\/p>\n<p>Y as\u00ed C\u00e1rdenas Sosa pueda tomar protesta como alcalde en el \u00faltimo a\u00f1o de la administraci\u00f3n municipal.<\/p>\n","protected":false},"excerpt":{"rendered":"<p>Dar\u00edo Pale Xalapa, Ver.- Pide la gobernadora Roc\u00edo Nahle Garc\u00eda al alcalde de Lerdo de Tejada que se haga responsable de su manifestaci\u00f3n y que le corresponder\u00e1 al Congreso Local atender el tema para que tome posesi\u00f3n, tras su salida de la c\u00e1rcel. En conferencia de prensa dijo que le corresponder\u00e1 al Congreso Local decidir [&hellip;]<\/p>\n","protected":false},"author":2476,"featured_media":62326,"comment_status":"open","ping_status":"open","sticky":false,"template":"","format":"standard","meta":{"_jetpack_memberships_contains_paid_content":false,"footnotes":""},"categories":[2],"tags":[],"class_list":["post-62325","post","type-post","status-publish","format-standard","has-post-thumbnail","hentry","category-estado"],"jetpack_featured_media_url":"https:\/\/encuentroinformativo.com.mx\/wp-content\/uploads\/2025\/01\/IMG-20250102-WA01002.jpg","jetpack_sharing_enabled":true,"jetpack_likes_enabled":true,"amp_enabled":true,"_links":{"self":[{"href":"https:\/\/encuentroinformativo.com.mx\/index.php?rest_route=\/wp\/v2\/posts\/62325","targetHints":{"allow":["GET"]}}],"collection":[{"href":"https:\/\/encuentroinformativo.com.mx\/index.php?rest_route=\/wp\/v2\/posts"}],"about":[{"href":"https:\/\/encuentroinformativo.com.mx\/index.php?rest_route=\/wp\/v2\/types\/post"}],"author":[{"embeddable":true,"href":"https:\/\/encuentroinformativo.com.mx\/index.php?rest_route=\/wp\/v2\/users\/2476"}],"replies":[{"embeddable":true,"href":"https:\/\/encuentroinformativo.com.mx\/index.php?rest_route=%2Fwp%2Fv2%2Fcomments&post=62325"}],"version-history":[{"count":2,"href":"https:\/\/encuentroinformativo.com.mx\/index.php?rest_route=\/wp\/v2\/posts\/62325\/revisions"}],"predecessor-version":[{"id":62328,"href":"https:\/\/encuentroinformativo.com.mx\/index.php?rest_route=\/wp\/v2\/posts\/62325\/revisions\/62328"}],"wp:featuredmedia":[{"embeddable":true,"href":"https:\/\/encuentroinformativo.com.mx\/index.php?rest_route=\/wp\/v2\/media\/62326"}],"wp:attachment":[{"href":"https:\/\/encuentroinformativo.com.mx\/index.php?rest_route=%2Fwp%2Fv2%2Fmedia&parent=62325"}],"wp:term":[{"taxonomy":"category","embeddable":true,"href":"https:\/\/encuentroinformativo.com.mx\/index.php?rest_route=%2Fwp%2Fv2%2Fcategories&post=62325"},{"taxonomy":"post_tag","embeddable":true,"href":"https:\/\/encuentroinformativo.com.mx\/index.php?rest_route=%2Fwp%2Fv2%2Ftags&post=62325"}],"curies":[{"name":"wp","href":"https:\/\/api.w.org\/{rel}","templated":true}]}}