{"id":62329,"date":"2025-01-02T18:23:18","date_gmt":"2025-01-03T00:23:18","guid":{"rendered":"https:\/\/encuentroinformativo.com.mx\/?p=62329"},"modified":"2025-01-02T18:23:18","modified_gmt":"2025-01-03T00:23:18","slug":"acusan-que-clinica-del-imss-nego-atencion-a-menor-embarazada","status":"publish","type":"post","link":"https:\/\/encuentroinformativo.com.mx\/?p=62329","title":{"rendered":"Acusan que cl\u00ednica del IMSS neg\u00f3 atenci\u00f3n a menor embarazada"},"content":{"rendered":"<p><strong><span style=\"font-size: 1rem;\">Dar\u00edo Pale<\/span><\/strong><\/p>\n<p>Xalapa, Ver.- En el IMSS quer\u00edan cobrar 17 mil pesos por atender a una menor de edad quien presentaba amenaza de aborto ya que no quer\u00edan atenderla en la Cl\u00ednica 11 debido a que como estaba embarazada perdi\u00f3 sus derechos.<\/p>\n<p>Entrevistado a las afueras de la cl\u00ednica, Juan Salas, abuelo de la menor, dijo que en dicha cl\u00ednica le negaron la atenci\u00f3n a la menor de edad quien responde al nombre de Alison Ximena quien viaj\u00f3 desde el hospital de Naolinco a la cl\u00ednica de Xalapa con un presunto riesgo de aborto.<\/p>\n<p>La joven proveniente de Miahuatl\u00e1n cuenta con seguro social por parte de la madre, sin embargo, no la admitieron en la cl\u00ednica pues les dijeron que perdi\u00f3 el derecho a la atenci\u00f3n m\u00e9dica por quedar embarazada.<\/p>\n<p>\u201cFue urgencia, hubo sangrado, hubo amenaza de aborto entonces por eso se acudi\u00f3 al hospital (en Naolinco) y del hospital nos mandaron para ac\u00e1, pero nos dijo la doctora que no&#8221;, se\u00f1al\u00f3.<\/p>\n<p>&#8220;Y ya se estaba haciendo el documento porque si la iban a atender pero subi\u00f3 la doctora que parece ser la directora y dijo que no porque requieren muchos gastos y no s\u00e9 qu\u00e9 tanto, por ese caso ya no se resolvi\u00f3, ya no nos atendieron aqu\u00ed\u201d, agrego.<\/p>\n<p>En este sentido acus\u00f3 que la doctora se port\u00f3 prepotente, \u201cporque les dijo a los de la ambulancia nos trajeron que ella estaba en su instituci\u00f3n y que no le hablaran de esa manera que le hablaron, que no le hablaron grosero\u201d.<\/p>\n<p>Apunt\u00f3 que al negarle la atenci\u00f3n violaron los derechos humanos de la menor, pues incluso les dijeron como pretexto que no pod\u00edan recibirla pues no contaban con una incubadora.<\/p>\n<p>Salas refiri\u00f3 que fue aceptada y trasladada al Centro de Alta Especialidad (CAE) antes CEM, por lo que esperan que en este lugar reciba la atenci\u00f3n necesaria y quede fuera de peligro, adem\u00e1s hizo un llamado a las autoridades pertinentes para evitar que se le niegue la atenci\u00f3n m\u00e9dica a las personas que lo necesitan.<\/p>\n<p>\u201cEl llamado a las autoridades es que pongan un poco de atenci\u00f3n, que se enfoquen en ver cu\u00e1l es el problema o si tienen ese derecho de despreciar a la gente y botarla, no atenderla. No s\u00e9 si podr\u00e1n llamarle la atenci\u00f3n a la persona que nos recibi\u00f3\u201d, coment\u00f3<\/p>\n<p>Finalmente apunt\u00f3 que de acuerdo a la pol\u00edtica actual del gobierno de MORENA, ha garantizado un sistema m\u00e9dico de la mejor calidad y para toda la ciudadan\u00eda, \u201ceso es lo que me extra\u00f1a, todo lo que dicen, las publicaciones que sacan son en balde por lo que veo porque no tuvieron que haber hecho esto\u201d.<\/p>\n","protected":false},"excerpt":{"rendered":"<p>Dar\u00edo Pale Xalapa, Ver.- En el IMSS quer\u00edan cobrar 17 mil pesos por atender a una menor de edad quien presentaba amenaza de aborto ya que no quer\u00edan atenderla en la Cl\u00ednica 11 debido a que como estaba embarazada perdi\u00f3 sus derechos. Entrevistado a las afueras de la cl\u00ednica, Juan Salas, abuelo de la menor, [&hellip;]<\/p>\n","protected":false},"author":2476,"featured_media":62330,"comment_status":"open","ping_status":"open","sticky":false,"template":"","format":"standard","meta":{"_jetpack_memberships_contains_paid_content":false,"footnotes":""},"categories":[9],"tags":[],"class_list":["post-62329","post","type-post","status-publish","format-standard","has-post-thumbnail","hentry","category-salud"],"jetpack_featured_media_url":"https:\/\/encuentroinformativo.com.mx\/wp-content\/uploads\/2025\/01\/IMG-20250102-WA0201.jpg","jetpack_sharing_enabled":true,"jetpack_likes_enabled":true,"amp_enabled":true,"_links":{"self":[{"href":"https:\/\/encuentroinformativo.com.mx\/index.php?rest_route=\/wp\/v2\/posts\/62329","targetHints":{"allow":["GET"]}}],"collection":[{"href":"https:\/\/encuentroinformativo.com.mx\/index.php?rest_route=\/wp\/v2\/posts"}],"about":[{"href":"https:\/\/encuentroinformativo.com.mx\/index.php?rest_route=\/wp\/v2\/types\/post"}],"author":[{"embeddable":true,"href":"https:\/\/encuentroinformativo.com.mx\/index.php?rest_route=\/wp\/v2\/users\/2476"}],"replies":[{"embeddable":true,"href":"https:\/\/encuentroinformativo.com.mx\/index.php?rest_route=%2Fwp%2Fv2%2Fcomments&post=62329"}],"version-history":[{"count":1,"href":"https:\/\/encuentroinformativo.com.mx\/index.php?rest_route=\/wp\/v2\/posts\/62329\/revisions"}],"predecessor-version":[{"id":62331,"href":"https:\/\/encuentroinformativo.com.mx\/index.php?rest_route=\/wp\/v2\/posts\/62329\/revisions\/62331"}],"wp:featuredmedia":[{"embeddable":true,"href":"https:\/\/encuentroinformativo.com.mx\/index.php?rest_route=\/wp\/v2\/media\/62330"}],"wp:attachment":[{"href":"https:\/\/encuentroinformativo.com.mx\/index.php?rest_route=%2Fwp%2Fv2%2Fmedia&parent=62329"}],"wp:term":[{"taxonomy":"category","embeddable":true,"href":"https:\/\/encuentroinformativo.com.mx\/index.php?rest_route=%2Fwp%2Fv2%2Fcategories&post=62329"},{"taxonomy":"post_tag","embeddable":true,"href":"https:\/\/encuentroinformativo.com.mx\/index.php?rest_route=%2Fwp%2Fv2%2Ftags&post=62329"}],"curies":[{"name":"wp","href":"https:\/\/api.w.org\/{rel}","templated":true}]}}