{"id":62332,"date":"2025-01-02T18:49:25","date_gmt":"2025-01-03T00:49:25","guid":{"rendered":"https:\/\/encuentroinformativo.com.mx\/?p=62332"},"modified":"2025-01-02T18:49:25","modified_gmt":"2025-01-03T00:49:25","slug":"garantizada-la-seguridad-para-proxima-contienda-electoral-rocio-nahle","status":"publish","type":"post","link":"https:\/\/encuentroinformativo.com.mx\/?p=62332","title":{"rendered":"Garantizada la seguridad para pr\u00f3xima contienda electoral: Roc\u00edo Nahle"},"content":{"rendered":"<p><strong><span style=\"font-size: 1rem;\">Dar\u00edo Pale<\/span><\/strong><\/p>\n<p>Xalapa, Ver.- Sostiene que la seguridad para los comicios del pr\u00f3ximo 1 de junio ser\u00e1 garantizada, as\u00ed lo inform\u00f3 la gobernadora de Veracruz, Roc\u00edo Nahle Garc\u00eda.<\/p>\n<p>En conferencia de prensa, aclar\u00f3 que la seguridad se garantizar\u00e1 para los tres procesos que se realizar\u00e1n en M\u00e9xico y Veracruz, pero tambi\u00e9n todos los d\u00edas.<\/p>\n<p>&#8220;Todos los d\u00edas tenemos la Mesa de Seguridad y sirve much\u00edsimo porque ah\u00ed vamos viendo qu\u00e9 zonas, en qu\u00e9 lugares se prenden ciertos focos&#8221;, se\u00f1al\u00f3.<\/p>\n<p>Reconoci\u00f3 que uno de esos focos de atenci\u00f3n son los j\u00f3venes, por lo que deber\u00e1n emprender campa\u00f1as para prevenir la violencia.<\/p>\n<p>Adem\u00e1s de concientizar a los padres de familia para que ayuden, para que sepan en d\u00f3nde conviven sus hijos.<\/p>\n<p>La mandataria refiri\u00f3 que ya fue publicada la reforma al Poder Judicial de Veracruz, pero adem\u00e1s habr\u00e1 elecciones municipales, por lo que mil 54 cargos ser\u00e1n votados.<\/p>\n<p>Finalmente coment\u00f3, &#8220;y al mismo tiempo se van a colocar a distancia las casillas para las elecciones federales, tanto el OPLE como el INE para magistrados y jueces&#8221;.<\/p>\n","protected":false},"excerpt":{"rendered":"<p>Dar\u00edo Pale Xalapa, Ver.- Sostiene que la seguridad para los comicios del pr\u00f3ximo 1 de junio ser\u00e1 garantizada, as\u00ed lo inform\u00f3 la gobernadora de Veracruz, Roc\u00edo Nahle Garc\u00eda. En conferencia de prensa, aclar\u00f3 que la seguridad se garantizar\u00e1 para los tres procesos que se realizar\u00e1n en M\u00e9xico y Veracruz, pero tambi\u00e9n todos los d\u00edas. &#8220;Todos [&hellip;]<\/p>\n","protected":false},"author":2476,"featured_media":62333,"comment_status":"open","ping_status":"open","sticky":false,"template":"","format":"standard","meta":{"_jetpack_memberships_contains_paid_content":false,"footnotes":""},"categories":[2],"tags":[],"class_list":["post-62332","post","type-post","status-publish","format-standard","has-post-thumbnail","hentry","category-estado"],"jetpack_featured_media_url":"https:\/\/encuentroinformativo.com.mx\/wp-content\/uploads\/2025\/01\/IMG-20250102-WA01982.jpg","jetpack_sharing_enabled":true,"jetpack_likes_enabled":true,"amp_enabled":true,"_links":{"self":[{"href":"https:\/\/encuentroinformativo.com.mx\/index.php?rest_route=\/wp\/v2\/posts\/62332","targetHints":{"allow":["GET"]}}],"collection":[{"href":"https:\/\/encuentroinformativo.com.mx\/index.php?rest_route=\/wp\/v2\/posts"}],"about":[{"href":"https:\/\/encuentroinformativo.com.mx\/index.php?rest_route=\/wp\/v2\/types\/post"}],"author":[{"embeddable":true,"href":"https:\/\/encuentroinformativo.com.mx\/index.php?rest_route=\/wp\/v2\/users\/2476"}],"replies":[{"embeddable":true,"href":"https:\/\/encuentroinformativo.com.mx\/index.php?rest_route=%2Fwp%2Fv2%2Fcomments&post=62332"}],"version-history":[{"count":1,"href":"https:\/\/encuentroinformativo.com.mx\/index.php?rest_route=\/wp\/v2\/posts\/62332\/revisions"}],"predecessor-version":[{"id":62334,"href":"https:\/\/encuentroinformativo.com.mx\/index.php?rest_route=\/wp\/v2\/posts\/62332\/revisions\/62334"}],"wp:featuredmedia":[{"embeddable":true,"href":"https:\/\/encuentroinformativo.com.mx\/index.php?rest_route=\/wp\/v2\/media\/62333"}],"wp:attachment":[{"href":"https:\/\/encuentroinformativo.com.mx\/index.php?rest_route=%2Fwp%2Fv2%2Fmedia&parent=62332"}],"wp:term":[{"taxonomy":"category","embeddable":true,"href":"https:\/\/encuentroinformativo.com.mx\/index.php?rest_route=%2Fwp%2Fv2%2Fcategories&post=62332"},{"taxonomy":"post_tag","embeddable":true,"href":"https:\/\/encuentroinformativo.com.mx\/index.php?rest_route=%2Fwp%2Fv2%2Ftags&post=62332"}],"curies":[{"name":"wp","href":"https:\/\/api.w.org\/{rel}","templated":true}]}}