{"id":62335,"date":"2025-01-03T12:58:03","date_gmt":"2025-01-03T18:58:03","guid":{"rendered":"https:\/\/encuentroinformativo.com.mx\/?p=62335"},"modified":"2025-01-03T12:58:03","modified_gmt":"2025-01-03T18:58:03","slug":"respaldan-grupos-de-mujeres-a-ivonne-cisneros","status":"publish","type":"post","link":"https:\/\/encuentroinformativo.com.mx\/?p=62335","title":{"rendered":"Respaldan grupos de mujeres a Ivonne Cisneros"},"content":{"rendered":"<p><strong style=\"font-size: 1rem;\">Dar\u00edo Pale<\/strong><\/p>\n<p>Xalapa, Ver.- Mujeres desde amas de casa, profesionistas, trabajadoras, integrantes del movimiento feminista, ambientalistas, vendedoras ambulantes y jubiladas simpatizantes de Morena se pronunciaron porque Ivonne Cisneros Luj\u00e1n sea la candidata de dicho partido y de los que integren la coalici\u00f3n de la 4T a la presidencia municipal de Xalapa.<\/p>\n<p>En conferencia de prensa Elizabeth Ram\u00edrez Z\u00e1rate destac\u00f3 que las dirigencias de Morena, Partido del Trabajo y del Partido Verde Ecologista de M\u00e9xico dar\u00e1n prioridad a los perfiles.<\/p>\n<p>&#8220;Personas honorables, con un s\u00f3lido trabajo local y respaldo ciudadano, con buena fama p\u00fablica y comprometidas con el bienestar de la ciudadan\u00eda, es por lo anterior que proponemos el perfil de Ivonne Cisneros, por su lucha de m\u00e1s de 30 a\u00f1os de trayectoria y en defensa de la democracia, la justicia social y la defensa de los derechos humanos, la cual se ha hecho evidente desde su trabajo en los primeros gobiernos progresistas y de izquierda, impulsados por Andr\u00e9s Manuel L\u00f3pez Obrador, as\u00ed como su labor legislativa&#8221;, se\u00f1al\u00f3.<\/p>\n<p>Acompa\u00f1ada de otras mujeres, dijo que Cisneros Luj\u00e1n, ex s\u00edndica de Xalapa y ex diputada federal, es reconocida en el \u00e1mbito local de izquierda.<\/p>\n<p>&#8220;Lo que buscamos con este pronunciamiento es que sea una mujer nuestra representante y que se postule como figura p\u00fablica a la Maestra Ivonne Cisneros&#8221; insisti\u00f3.<\/p>\n<p>Por \u00faltimo cabe recordar que el periodo de registro de las y los aspirantes a candidaturas de Morena a las presidencias municipales de Veracruz ser\u00e1 del 6 al 8 de enero.<\/p>\n","protected":false},"excerpt":{"rendered":"<p>Dar\u00edo Pale Xalapa, Ver.- Mujeres desde amas de casa, profesionistas, trabajadoras, integrantes del movimiento feminista, ambientalistas, vendedoras ambulantes y jubiladas simpatizantes de Morena se pronunciaron porque Ivonne Cisneros Luj\u00e1n sea la candidata de dicho partido y de los que integren la coalici\u00f3n de la 4T a la presidencia municipal de Xalapa. En conferencia de prensa [&hellip;]<\/p>\n","protected":false},"author":2476,"featured_media":62336,"comment_status":"open","ping_status":"open","sticky":false,"template":"","format":"standard","meta":{"_jetpack_memberships_contains_paid_content":false,"footnotes":""},"categories":[3],"tags":[],"class_list":["post-62335","post","type-post","status-publish","format-standard","has-post-thumbnail","hentry","category-xalapa"],"jetpack_featured_media_url":"https:\/\/encuentroinformativo.com.mx\/wp-content\/uploads\/2025\/01\/IMG-20250103-WA00472.jpg","jetpack_sharing_enabled":true,"jetpack_likes_enabled":true,"amp_enabled":true,"_links":{"self":[{"href":"https:\/\/encuentroinformativo.com.mx\/index.php?rest_route=\/wp\/v2\/posts\/62335","targetHints":{"allow":["GET"]}}],"collection":[{"href":"https:\/\/encuentroinformativo.com.mx\/index.php?rest_route=\/wp\/v2\/posts"}],"about":[{"href":"https:\/\/encuentroinformativo.com.mx\/index.php?rest_route=\/wp\/v2\/types\/post"}],"author":[{"embeddable":true,"href":"https:\/\/encuentroinformativo.com.mx\/index.php?rest_route=\/wp\/v2\/users\/2476"}],"replies":[{"embeddable":true,"href":"https:\/\/encuentroinformativo.com.mx\/index.php?rest_route=%2Fwp%2Fv2%2Fcomments&post=62335"}],"version-history":[{"count":1,"href":"https:\/\/encuentroinformativo.com.mx\/index.php?rest_route=\/wp\/v2\/posts\/62335\/revisions"}],"predecessor-version":[{"id":62337,"href":"https:\/\/encuentroinformativo.com.mx\/index.php?rest_route=\/wp\/v2\/posts\/62335\/revisions\/62337"}],"wp:featuredmedia":[{"embeddable":true,"href":"https:\/\/encuentroinformativo.com.mx\/index.php?rest_route=\/wp\/v2\/media\/62336"}],"wp:attachment":[{"href":"https:\/\/encuentroinformativo.com.mx\/index.php?rest_route=%2Fwp%2Fv2%2Fmedia&parent=62335"}],"wp:term":[{"taxonomy":"category","embeddable":true,"href":"https:\/\/encuentroinformativo.com.mx\/index.php?rest_route=%2Fwp%2Fv2%2Fcategories&post=62335"},{"taxonomy":"post_tag","embeddable":true,"href":"https:\/\/encuentroinformativo.com.mx\/index.php?rest_route=%2Fwp%2Fv2%2Ftags&post=62335"}],"curies":[{"name":"wp","href":"https:\/\/api.w.org\/{rel}","templated":true}]}}