{"id":62345,"date":"2025-01-03T17:03:39","date_gmt":"2025-01-03T23:03:39","guid":{"rendered":"https:\/\/encuentroinformativo.com.mx\/?p=62345"},"modified":"2025-01-03T17:03:39","modified_gmt":"2025-01-03T23:03:39","slug":"alcalde-jm-unanue-invita-a-familias-boquenas-a-celebrar-el-tradicional-dia-de-reyes","status":"publish","type":"post","link":"https:\/\/encuentroinformativo.com.mx\/?p=62345","title":{"rendered":"Alcalde JM Un\u00e1nue invita a familias boque\u00f1as a celebrar el tradicional D\u00eda de Reyes"},"content":{"rendered":"<p><strong><span style=\"font-size: 1rem;\">* Este domingo 5 de enero a las 16 horas en el Dren B de la colonia Carranza.<\/span><\/strong><\/p>\n<p>Boca del R\u00edo, Ver.- El Ayuntamiento de Boca del R\u00edo que encabeza el alcalde Juan Manuel Un\u00e1nue Abascal, en coordinaci\u00f3n con el DIF<br \/>\nMunicipal boque\u00f1o,, festejar\u00e1n el tradicional D\u00eda de Reyes este domingo 5 de enero en el Dren B de la colonia Carranza.<\/p>\n<p>&#8220;Ser\u00e1 una tarde llena de diversi\u00f3n, sorpresas y mucha alegr\u00eda. Te esperamos para disfrutar juntos de esta hermosa tradici\u00f3n&#8221;, expres\u00f3 el Presidente Municipal.<\/p>\n<p>El edil hizo extensiva la invitaci\u00f3n a las familias boque\u00f1as para disfrutar de una m\u00e1gica tarde de convivencia y diversi\u00f3n este domingo 5 de enero a las 4:00 p.m., en el Dren B de la Colonia Carranza.<\/p>\n<p>*Actividades principales:* Rifas de juguetes, juegos infantiles, shows de payasos y la tan esperada presencia de los Reyes Magos: Melchor, Gaspar y Baltasar.<\/p>\n<p>El evento est\u00e1 dise\u00f1ado especialmente para los m\u00e1s peque\u00f1os del hogar, quienes ser\u00e1n los protagonistas de esta tarde especial.<\/p>\n<p>Para garantizar la seguridad y el disfrute de todas las familias asistentes, se implementar\u00e1 un operativo preventivo coordinado por Protecci\u00f3n Civil Municipal, Polic\u00eda Municipal, Tr\u00e1nsito Municipal y DIF de Boca del R\u00edo.<\/p>\n<p>Finalmente, el Alcalde Juan Manuel Un\u00e1nue Abascal, invit\u00f3 a las familias a unirse a esta celebraci\u00f3n para fortalecer los lazos de convivencia y compartir momentos inolvidables en esta temporada festiva.<\/p>\n<p><img loading=\"lazy\" decoding=\"async\" class=\"alignnone size-medium wp-image-62346\" src=\"https:\/\/encuentroinformativo.com.mx\/wp-content\/uploads\/2025\/01\/IMG-20250103-WA0195-300x300.jpg\" alt=\"\" width=\"300\" height=\"300\" srcset=\"https:\/\/encuentroinformativo.com.mx\/wp-content\/uploads\/2025\/01\/IMG-20250103-WA0195-300x300.jpg 300w, https:\/\/encuentroinformativo.com.mx\/wp-content\/uploads\/2025\/01\/IMG-20250103-WA0195-1024x1024.jpg 1024w, https:\/\/encuentroinformativo.com.mx\/wp-content\/uploads\/2025\/01\/IMG-20250103-WA0195-150x150.jpg 150w, https:\/\/encuentroinformativo.com.mx\/wp-content\/uploads\/2025\/01\/IMG-20250103-WA0195-768x769.jpg 768w, https:\/\/encuentroinformativo.com.mx\/wp-content\/uploads\/2025\/01\/IMG-20250103-WA0195.jpg 1279w\" sizes=\"auto, (max-width: 300px) 100vw, 300px\" \/><\/p>\n","protected":false},"excerpt":{"rendered":"<p>* Este domingo 5 de enero a las 16 horas en el Dren B de la colonia Carranza. Boca del R\u00edo, Ver.- El Ayuntamiento de Boca del R\u00edo que encabeza el alcalde Juan Manuel Un\u00e1nue Abascal, en coordinaci\u00f3n con el DIF Municipal boque\u00f1o,, festejar\u00e1n el tradicional D\u00eda de Reyes este domingo 5 de enero en [&hellip;]<\/p>\n","protected":false},"author":2476,"featured_media":62346,"comment_status":"open","ping_status":"open","sticky":false,"template":"","format":"standard","meta":{"_jetpack_memberships_contains_paid_content":false,"footnotes":""},"categories":[2],"tags":[],"class_list":["post-62345","post","type-post","status-publish","format-standard","has-post-thumbnail","hentry","category-estado"],"jetpack_featured_media_url":"https:\/\/encuentroinformativo.com.mx\/wp-content\/uploads\/2025\/01\/IMG-20250103-WA0195.jpg","jetpack_sharing_enabled":true,"jetpack_likes_enabled":true,"amp_enabled":true,"_links":{"self":[{"href":"https:\/\/encuentroinformativo.com.mx\/index.php?rest_route=\/wp\/v2\/posts\/62345","targetHints":{"allow":["GET"]}}],"collection":[{"href":"https:\/\/encuentroinformativo.com.mx\/index.php?rest_route=\/wp\/v2\/posts"}],"about":[{"href":"https:\/\/encuentroinformativo.com.mx\/index.php?rest_route=\/wp\/v2\/types\/post"}],"author":[{"embeddable":true,"href":"https:\/\/encuentroinformativo.com.mx\/index.php?rest_route=\/wp\/v2\/users\/2476"}],"replies":[{"embeddable":true,"href":"https:\/\/encuentroinformativo.com.mx\/index.php?rest_route=%2Fwp%2Fv2%2Fcomments&post=62345"}],"version-history":[{"count":2,"href":"https:\/\/encuentroinformativo.com.mx\/index.php?rest_route=\/wp\/v2\/posts\/62345\/revisions"}],"predecessor-version":[{"id":62348,"href":"https:\/\/encuentroinformativo.com.mx\/index.php?rest_route=\/wp\/v2\/posts\/62345\/revisions\/62348"}],"wp:featuredmedia":[{"embeddable":true,"href":"https:\/\/encuentroinformativo.com.mx\/index.php?rest_route=\/wp\/v2\/media\/62346"}],"wp:attachment":[{"href":"https:\/\/encuentroinformativo.com.mx\/index.php?rest_route=%2Fwp%2Fv2%2Fmedia&parent=62345"}],"wp:term":[{"taxonomy":"category","embeddable":true,"href":"https:\/\/encuentroinformativo.com.mx\/index.php?rest_route=%2Fwp%2Fv2%2Fcategories&post=62345"},{"taxonomy":"post_tag","embeddable":true,"href":"https:\/\/encuentroinformativo.com.mx\/index.php?rest_route=%2Fwp%2Fv2%2Ftags&post=62345"}],"curies":[{"name":"wp","href":"https:\/\/api.w.org\/{rel}","templated":true}]}}