{"id":62352,"date":"2025-01-03T17:31:12","date_gmt":"2025-01-03T23:31:12","guid":{"rendered":"https:\/\/encuentroinformativo.com.mx\/?p=62352"},"modified":"2025-01-03T17:31:12","modified_gmt":"2025-01-03T23:31:12","slug":"se-brindo-atencion-a-menor-embarazada-afirma-imss","status":"publish","type":"post","link":"https:\/\/encuentroinformativo.com.mx\/?p=62352","title":{"rendered":"Se brind\u00f3 atenci\u00f3n a menor embarazada, afirma IMSS"},"content":{"rendered":"<p>Xalapa, Ver.- Tras darse a conocer las quejas ciudadanas sobre la presunta falta de atenci\u00f3n a una menor de edad embarazada, autoridades del Instituto Mexicano del Seguro Social (IMSS) emitieron un posicionamiento donde afirman s\u00ed se brindo atenci\u00f3n a la joven.<\/p>\n<p>A continuaci\u00f3n la tarjeta informativa del IMSS:<\/p>\n<p>Respecto a la atenci\u00f3n que se le otorg\u00f3 a una paciente embarazada en el Hospital General de Zona (HGZ) No. 11, en la ciudad de Xalapa, la Representaci\u00f3n del Instituto Mexicano del Seguro Social (IMSS) en Veracruz Norte informa:<\/p>\n<p>A las 12:45 horas del d\u00eda 2 de enero la paciente ingres\u00f3 al servicio de Urgencias Tocoquir\u00fargicas del HGZ No. 11, con probable trabajo de parto.<\/p>\n<p>Inmediatamente, fue valorada en Triage Obst\u00e9trico por un ginec\u00f3logo; al no presentar urgencia obst\u00e9trica, se le inform\u00f3 sobre las opciones de atenci\u00f3n intra y extra institucional.<\/p>\n<p>A las 13:47 horas fue trasladada al Centro de Alta Especialidad (CAE) para continuar con su atenci\u00f3n.<\/p>\n<p>Cabe subrayar que en todo momento se le brind\u00f3 la atenci\u00f3n requerida de acuerdo con su estado de salud.<\/p>\n","protected":false},"excerpt":{"rendered":"<p>Xalapa, Ver.- Tras darse a conocer las quejas ciudadanas sobre la presunta falta de atenci\u00f3n a una menor de edad embarazada, autoridades del Instituto Mexicano del Seguro Social (IMSS) emitieron un posicionamiento donde afirman s\u00ed se brindo atenci\u00f3n a la joven. A continuaci\u00f3n la tarjeta informativa del IMSS: Respecto a la atenci\u00f3n que se le [&hellip;]<\/p>\n","protected":false},"author":2476,"featured_media":22869,"comment_status":"open","ping_status":"open","sticky":false,"template":"","format":"standard","meta":{"_jetpack_memberships_contains_paid_content":false,"footnotes":""},"categories":[9],"tags":[],"class_list":["post-62352","post","type-post","status-publish","format-standard","has-post-thumbnail","hentry","category-salud"],"jetpack_featured_media_url":"https:\/\/encuentroinformativo.com.mx\/wp-content\/uploads\/2022\/01\/E86BB3E5-7819-4C18-A738-D98947EAA565.jpeg","jetpack_sharing_enabled":true,"jetpack_likes_enabled":true,"amp_enabled":true,"_links":{"self":[{"href":"https:\/\/encuentroinformativo.com.mx\/index.php?rest_route=\/wp\/v2\/posts\/62352","targetHints":{"allow":["GET"]}}],"collection":[{"href":"https:\/\/encuentroinformativo.com.mx\/index.php?rest_route=\/wp\/v2\/posts"}],"about":[{"href":"https:\/\/encuentroinformativo.com.mx\/index.php?rest_route=\/wp\/v2\/types\/post"}],"author":[{"embeddable":true,"href":"https:\/\/encuentroinformativo.com.mx\/index.php?rest_route=\/wp\/v2\/users\/2476"}],"replies":[{"embeddable":true,"href":"https:\/\/encuentroinformativo.com.mx\/index.php?rest_route=%2Fwp%2Fv2%2Fcomments&post=62352"}],"version-history":[{"count":1,"href":"https:\/\/encuentroinformativo.com.mx\/index.php?rest_route=\/wp\/v2\/posts\/62352\/revisions"}],"predecessor-version":[{"id":62353,"href":"https:\/\/encuentroinformativo.com.mx\/index.php?rest_route=\/wp\/v2\/posts\/62352\/revisions\/62353"}],"wp:featuredmedia":[{"embeddable":true,"href":"https:\/\/encuentroinformativo.com.mx\/index.php?rest_route=\/wp\/v2\/media\/22869"}],"wp:attachment":[{"href":"https:\/\/encuentroinformativo.com.mx\/index.php?rest_route=%2Fwp%2Fv2%2Fmedia&parent=62352"}],"wp:term":[{"taxonomy":"category","embeddable":true,"href":"https:\/\/encuentroinformativo.com.mx\/index.php?rest_route=%2Fwp%2Fv2%2Fcategories&post=62352"},{"taxonomy":"post_tag","embeddable":true,"href":"https:\/\/encuentroinformativo.com.mx\/index.php?rest_route=%2Fwp%2Fv2%2Ftags&post=62352"}],"curies":[{"name":"wp","href":"https:\/\/api.w.org\/{rel}","templated":true}]}}