{"id":62364,"date":"2025-01-04T18:40:59","date_gmt":"2025-01-05T00:40:59","guid":{"rendered":"https:\/\/encuentroinformativo.com.mx\/?p=62364"},"modified":"2025-01-04T18:40:59","modified_gmt":"2025-01-05T00:40:59","slug":"agilizar-tramites-peticion-de-transportistas","status":"publish","type":"post","link":"https:\/\/encuentroinformativo.com.mx\/?p=62364","title":{"rendered":"Agilizar tr\u00e1mites, petici\u00f3n de transportistas"},"content":{"rendered":"<p><strong>Dar\u00edo Pale\u00a0<\/strong><\/p>\n<p>Xalapa, Ver.- <span style=\"font-size: 1rem;\">Despu\u00e9s de reunirse con el secretario de gobierno, Ricardo Ahued Bardahuil a quien le expusieron problem\u00e1ticas del transporte p\u00fablico en su modalidad de taxi, donde la principal necesidad que expusieron es que se agilicen diferentes tr\u00e1mites para poder prestar este servicio oportunamente.<\/span><\/p>\n<div id=\"m#msg-f:1820347405600239208\" class=\"mail-message expanded\">\n<div id=\"m#msg-f:1820347405600239208-content\" class=\"mail-message-content collapsible zoom-normal  \">\n<div class=\"clear\">\n<div dir=\"auto\">\n<div dir=\"auto\">En conferencia de prensa Claudia Elizabeth Hern\u00e1ndez Presidenta del Comit\u00e9 Directivo Estatal de la Organizaci\u00f3n Movimiento Nacional Transportista integrada por 42 municipios,\u00a0 acompa\u00f1ados de Jairo Guarneros del grupo Grito.<\/div>\n<div dir=\"auto\"><\/div>\n<div dir=\"auto\">Respecto al aumento al precio de las gasolinas, Jairo Guarneros dijo que afecta a la poblaci\u00f3n en general, por lo que se deben plantear soluciones en las que tanto los taxistas como los usuarios no sean perjudicados econ\u00f3micamente.<\/div>\n<div dir=\"auto\"><\/div>\n<div dir=\"auto\">&#8220;Queremos ser aliados para mejor tanto la cuesti\u00f3n de seguridad, la cuesti\u00f3n econ\u00f3mica de los compa\u00f1eros y el servicio que se ofrece a la ciudadan\u00eda&#8221;, se\u00f1al\u00f3.<\/div>\n<div dir=\"auto\"><\/div>\n<div dir=\"auto\">Finalmente los taxistas agradecieron la atenci\u00f3n puntual del secretario gobierno Ricardo Ahued para escuchar las necesidades de este sector y previeron pr\u00f3ximas reuniones.<\/div>\n<\/div>\n<\/div>\n<\/div>\n<div class=\"mail-message-footer spacer collapsible\"><\/div>\n<\/div>\n<div id=\"m#msg-f:1820347407377021542\" class=\"mail-message expanded\"><\/div>\n","protected":false},"excerpt":{"rendered":"<p>Dar\u00edo Pale\u00a0 Xalapa, Ver.- Despu\u00e9s de reunirse con el secretario de gobierno, Ricardo Ahued Bardahuil a quien le expusieron problem\u00e1ticas del transporte p\u00fablico en su modalidad de taxi, donde la principal necesidad que expusieron es que se agilicen diferentes tr\u00e1mites para poder prestar este servicio oportunamente. En conferencia de prensa Claudia Elizabeth Hern\u00e1ndez Presidenta del [&hellip;]<\/p>\n","protected":false},"author":2476,"featured_media":62365,"comment_status":"open","ping_status":"open","sticky":false,"template":"","format":"standard","meta":{"_jetpack_memberships_contains_paid_content":false,"footnotes":""},"categories":[2],"tags":[],"class_list":["post-62364","post","type-post","status-publish","format-standard","has-post-thumbnail","hentry","category-estado"],"jetpack_featured_media_url":"https:\/\/encuentroinformativo.com.mx\/wp-content\/uploads\/2025\/01\/IMG-20250104-WA0087.jpg","jetpack_sharing_enabled":true,"jetpack_likes_enabled":true,"amp_enabled":true,"_links":{"self":[{"href":"https:\/\/encuentroinformativo.com.mx\/index.php?rest_route=\/wp\/v2\/posts\/62364","targetHints":{"allow":["GET"]}}],"collection":[{"href":"https:\/\/encuentroinformativo.com.mx\/index.php?rest_route=\/wp\/v2\/posts"}],"about":[{"href":"https:\/\/encuentroinformativo.com.mx\/index.php?rest_route=\/wp\/v2\/types\/post"}],"author":[{"embeddable":true,"href":"https:\/\/encuentroinformativo.com.mx\/index.php?rest_route=\/wp\/v2\/users\/2476"}],"replies":[{"embeddable":true,"href":"https:\/\/encuentroinformativo.com.mx\/index.php?rest_route=%2Fwp%2Fv2%2Fcomments&post=62364"}],"version-history":[{"count":1,"href":"https:\/\/encuentroinformativo.com.mx\/index.php?rest_route=\/wp\/v2\/posts\/62364\/revisions"}],"predecessor-version":[{"id":62366,"href":"https:\/\/encuentroinformativo.com.mx\/index.php?rest_route=\/wp\/v2\/posts\/62364\/revisions\/62366"}],"wp:featuredmedia":[{"embeddable":true,"href":"https:\/\/encuentroinformativo.com.mx\/index.php?rest_route=\/wp\/v2\/media\/62365"}],"wp:attachment":[{"href":"https:\/\/encuentroinformativo.com.mx\/index.php?rest_route=%2Fwp%2Fv2%2Fmedia&parent=62364"}],"wp:term":[{"taxonomy":"category","embeddable":true,"href":"https:\/\/encuentroinformativo.com.mx\/index.php?rest_route=%2Fwp%2Fv2%2Fcategories&post=62364"},{"taxonomy":"post_tag","embeddable":true,"href":"https:\/\/encuentroinformativo.com.mx\/index.php?rest_route=%2Fwp%2Fv2%2Ftags&post=62364"}],"curies":[{"name":"wp","href":"https:\/\/api.w.org\/{rel}","templated":true}]}}