{"id":62367,"date":"2025-01-04T22:57:50","date_gmt":"2025-01-05T04:57:50","guid":{"rendered":"https:\/\/encuentroinformativo.com.mx\/?p=62367"},"modified":"2025-01-04T22:57:50","modified_gmt":"2025-01-05T04:57:50","slug":"perdida-total-tras-incendio-de-comercio-en-alvarado","status":"publish","type":"post","link":"https:\/\/encuentroinformativo.com.mx\/?p=62367","title":{"rendered":"P\u00e9rdida total tras incendio de comercio en Alvarado"},"content":{"rendered":"<p><strong style=\"font-size: 1rem;\">Alejandro \u00c1vila<\/strong><\/p>\n<p>Alvarado, Ver.- La madrugada de este s\u00e1bado los servicios de emergencia fueron alertados sobre un incendio en un comercio ubicado en la cabecera municipal de Alvarado, el cual consumi\u00f3 todo el inmueble dejando p\u00e9rdidas totales de mercanc\u00eda.<\/p>\n<p>El reporte fue recibido a las 4:55 de la ma\u00f1ana de este s\u00e1bado, por lo que elementos de Protecci\u00f3n Civil de Alvarado y Bomberos se dirigieron al negocio &#8220;El Chivito de Oro&#8221;, mismo que se dedica a la venta de zapatos y se encontraba en llamas en su interior.<\/p>\n<p>El personal de las Unidades 182 y 207 enfriaron la cortina de acero a chorros de agua para posteriormente abrirla e iniciar a combatir el fuego, al mismo tiempo colocaron una escalera para ingresar por la parte trasera y sofocar el siniestro.<\/p>\n<p>&#8220;El personal que acudi\u00f3 fueron 9 los que atendieron el reporte, no hubo p\u00e9rdidas humanas solo da\u00f1os materiales, el comercio qued\u00f3 en su totalidad calcinado, dentro de los trabajos de enfriamiento y remoci\u00f3n sacamos un tanque de gas para qu\u00e9 esto no provocara un mayor incidente dentro de los trabajos&#8221;, mencion\u00f3 el director de Protecci\u00f3n Civil, Daniel Eduardo Romero Pilar.<\/p>\n<p>Los due\u00f1os del mueble aseguraron que no cuentan con venta de ning\u00fan tipo de pirotecnia, por lo que sospechan hubo un cortocircuito tras una falla en la instalaci\u00f3n el\u00e9ctrica que provoc\u00f3 el inicio del incendio.<\/p>\n","protected":false},"excerpt":{"rendered":"<p>Alejandro \u00c1vila Alvarado, Ver.- La madrugada de este s\u00e1bado los servicios de emergencia fueron alertados sobre un incendio en un comercio ubicado en la cabecera municipal de Alvarado, el cual consumi\u00f3 todo el inmueble dejando p\u00e9rdidas totales de mercanc\u00eda. El reporte fue recibido a las 4:55 de la ma\u00f1ana de este s\u00e1bado, por lo que [&hellip;]<\/p>\n","protected":false},"author":2476,"featured_media":62368,"comment_status":"open","ping_status":"open","sticky":false,"template":"","format":"standard","meta":{"_jetpack_memberships_contains_paid_content":false,"footnotes":""},"categories":[2],"tags":[],"class_list":["post-62367","post","type-post","status-publish","format-standard","has-post-thumbnail","hentry","category-estado"],"jetpack_featured_media_url":"https:\/\/encuentroinformativo.com.mx\/wp-content\/uploads\/2025\/01\/IMG-20250104-WA0020.jpg","jetpack_sharing_enabled":true,"jetpack_likes_enabled":true,"amp_enabled":true,"_links":{"self":[{"href":"https:\/\/encuentroinformativo.com.mx\/index.php?rest_route=\/wp\/v2\/posts\/62367","targetHints":{"allow":["GET"]}}],"collection":[{"href":"https:\/\/encuentroinformativo.com.mx\/index.php?rest_route=\/wp\/v2\/posts"}],"about":[{"href":"https:\/\/encuentroinformativo.com.mx\/index.php?rest_route=\/wp\/v2\/types\/post"}],"author":[{"embeddable":true,"href":"https:\/\/encuentroinformativo.com.mx\/index.php?rest_route=\/wp\/v2\/users\/2476"}],"replies":[{"embeddable":true,"href":"https:\/\/encuentroinformativo.com.mx\/index.php?rest_route=%2Fwp%2Fv2%2Fcomments&post=62367"}],"version-history":[{"count":1,"href":"https:\/\/encuentroinformativo.com.mx\/index.php?rest_route=\/wp\/v2\/posts\/62367\/revisions"}],"predecessor-version":[{"id":62369,"href":"https:\/\/encuentroinformativo.com.mx\/index.php?rest_route=\/wp\/v2\/posts\/62367\/revisions\/62369"}],"wp:featuredmedia":[{"embeddable":true,"href":"https:\/\/encuentroinformativo.com.mx\/index.php?rest_route=\/wp\/v2\/media\/62368"}],"wp:attachment":[{"href":"https:\/\/encuentroinformativo.com.mx\/index.php?rest_route=%2Fwp%2Fv2%2Fmedia&parent=62367"}],"wp:term":[{"taxonomy":"category","embeddable":true,"href":"https:\/\/encuentroinformativo.com.mx\/index.php?rest_route=%2Fwp%2Fv2%2Fcategories&post=62367"},{"taxonomy":"post_tag","embeddable":true,"href":"https:\/\/encuentroinformativo.com.mx\/index.php?rest_route=%2Fwp%2Fv2%2Ftags&post=62367"}],"curies":[{"name":"wp","href":"https:\/\/api.w.org\/{rel}","templated":true}]}}