{"id":62394,"date":"2025-01-07T12:21:50","date_gmt":"2025-01-07T18:21:50","guid":{"rendered":"https:\/\/encuentroinformativo.com.mx\/?p=62394"},"modified":"2025-01-07T12:21:50","modified_gmt":"2025-01-07T18:21:50","slug":"morena25","status":"publish","type":"post","link":"https:\/\/encuentroinformativo.com.mx\/?p=62394","title":{"rendered":"MORENA25"},"content":{"rendered":"<p dir=\"ltr\"><strong>Los Pol\u00edticos<\/strong><\/p>\n<p dir=\"ltr\"><strong>Salvador Mu\u00f1oz<\/strong><\/p>\n<p><span style=\"font-size: 1rem;\">Con el inicio de registro de aspirantes a candidatos por las presidencias municipales de Veracruz, Morena inicia un camino que lo puede llevar si bien a la Supremac\u00eda Pol\u00edtica, en una de \u00e9sas, al punto m\u00e1s alto de un tobog\u00e1n, para iniciar entonces su descenso. Me explico:<\/span><\/p>\n<p dir=\"ltr\">La apuesta (no s\u00f3lo de Morena, de Esteban Ram\u00edrez Zepeta, de la GoberNahle) mal estar\u00eda si no, es ganar de las 212 presidencias municipales, las 212\u2026 \u00a1Todas!<\/p>\n<p dir=\"ltr\">Es muy distinto el panorama para el PAN, para el PRI, quienes se plantean m\u00ednimo, mantener las que a\u00fan tienen\u2026<\/p>\n<p dir=\"ltr\">O en el caso de Movimiento Ciudadano, sumar o multiplicar las que administran\u2026 es decir, la idea naranja, es crecer.<\/p>\n<p dir=\"ltr\">Muy diferente es el escenario para el PT y PVEM, quienes est\u00e1n a expensas de los acuerdos en la alianza para ver cu\u00e1ntas candidaturas les toca y en d\u00f3nde les toca.<\/p>\n<p dir=\"ltr\">\u00bfY por qu\u00e9 el Tobog\u00e1n? \u00a1Ah! Simple:<\/p>\n<p dir=\"ltr\">Los n\u00fameros favorecen a Morena electoralmente desde cualquier \u00e1ngulo que se le vea.<\/p>\n<p dir=\"ltr\">Primero, visto desde la aldea, cuenta con una Gobernadora que inici\u00f3 su administraci\u00f3n a tambor batiente y amenaza con seguir en ese ritmo, hasta los primeros 100 d\u00edas de labor, lo que en su momento, si lo calcula bien, podr\u00eda ser un buen pretexto para exponer sus logros en esa centena, o si no ella, habr\u00e1 muchos que bien pudieran hacerlo de manera indirecta. Eso implicar\u00eda de un modo u otro, un empuj\u00f3n para los cuasicandidatos de ese momento, en la idea de competir para ganar las alcald\u00edas.<\/p>\n<p dir=\"ltr\">Por supuesto que Morena es el partido con las prerrogativas m\u00e1s abultadas que se supone, permitir\u00e1n a sus alfiles, tener m\u00e1s \u201cproyecci\u00f3n\u201d sobre los ciudadanos y dudosos para llevarlos a votar por ellos\u2026 ateni\u00e9ndonos a que el voto duro, ya es seguro\u2026<\/p>\n<p dir=\"ltr\">Otro dato m\u00e1s es la labor que se supone, Morena viene haciendo para cooperar con el partidazo en la idea de llegar a tener 10 millones de afiliados al partido. Siendo Veracruz uno de los estados con mayor n\u00famero de poblaci\u00f3n, \u00bfcu\u00e1ntos cree que lleve en estos momentos Zepeta?<\/p>\n<p dir=\"ltr\">Ya no contamos con el respaldo que, igual se cree, la presidenta Claudia Sheinbaum ha de aportar para que se estrene en sus primeras elecciones como Gobernadora, Roc\u00edo Nahle\u2026<\/p>\n<p dir=\"ltr\">Luego entonces, Morena y aliados podr\u00edan tener todo para amenazar seriamente con un cuasi carro completo como se daba en los viejos tiempos del PRI del siglo pasado.<\/p>\n<p dir=\"ltr\">Y es aqu\u00ed que estando en la cima del triunfo, Morena igual puede estar al pie de su tobog\u00e1n\u2026 si no es que ya lo viene estando desde el 2018\u2026<\/p>\n<p dir=\"ltr\">Teniendo todo el poder en Veracruz desde cualquier \u00e1ngulo que se le vea, Ejecutivo, Legislativo (y Judicial), as\u00ed como el municipal (si es que se da esa aspiraci\u00f3n morenista), la cr\u00edtica ha de multiplicarse al por mayor\u2026 un error de un presidente municipal de Morena ha de repercutir en todos porque la frase ciudadana se ha de enmarcar en un \u201cten\u00eda que ser de Morena\u201d&#8230; lo mismo ha de pasar en el Congreso\u2026 y lamentablemente ocurrir\u00e1 en su momento en el Ejecutivo\u2026 vamos, quiz\u00e1s no porque sean corruptos, ineficaces o ineptos (como ya saben qui\u00e9n), sino simplemente porque son los objetos de la cr\u00edtica desde el 2018, desde este momento, y a lo mejor un largo trecho de a\u00f1os a partir de este 2025.<\/p>\n<p dir=\"ltr\">Es entonces que dependiendo de su ejercicio, su tobog\u00e1n los precipite o simplemente tengan que esperar su turno para ver cu\u00e1ndo les toque bajar\u2026<\/p>\n<p dir=\"ltr\">Es lo normal, lo natural, lo l\u00f3gico\u2026 lo que no se sabe es qu\u00e9 tanto est\u00e1 dispuesto el Poder Absoluto a ser objeto de la cr\u00edtica\u2026 Cuitl\u00e1huac fue un buen ejemplo de ello\u2026 esperemos que Nahle, Congreso y el resto sean equilibrados, esperen turno, y no los veamos bajar como gorda en tobog\u00e1n.<\/p>\n","protected":false},"excerpt":{"rendered":"<p>Los Pol\u00edticos Salvador Mu\u00f1oz Con el inicio de registro de aspirantes a candidatos por las presidencias municipales de Veracruz, Morena inicia un camino que lo puede llevar si bien a la Supremac\u00eda Pol\u00edtica, en una de \u00e9sas, al punto m\u00e1s alto de un tobog\u00e1n, para iniciar entonces su descenso. Me explico: La apuesta (no s\u00f3lo [&hellip;]<\/p>\n","protected":false},"author":2476,"featured_media":387,"comment_status":"open","ping_status":"open","sticky":false,"template":"","format":"standard","meta":{"_jetpack_memberships_contains_paid_content":false,"footnotes":""},"categories":[11],"tags":[],"class_list":["post-62394","post","type-post","status-publish","format-standard","has-post-thumbnail","hentry","category-opinion"],"jetpack_featured_media_url":"https:\/\/encuentroinformativo.com.mx\/wp-content\/uploads\/2020\/03\/7CF8A22B-2764-47BE-8F7F-38FE9E5D6A2F.jpeg","jetpack_sharing_enabled":true,"jetpack_likes_enabled":true,"amp_enabled":true,"_links":{"self":[{"href":"https:\/\/encuentroinformativo.com.mx\/index.php?rest_route=\/wp\/v2\/posts\/62394","targetHints":{"allow":["GET"]}}],"collection":[{"href":"https:\/\/encuentroinformativo.com.mx\/index.php?rest_route=\/wp\/v2\/posts"}],"about":[{"href":"https:\/\/encuentroinformativo.com.mx\/index.php?rest_route=\/wp\/v2\/types\/post"}],"author":[{"embeddable":true,"href":"https:\/\/encuentroinformativo.com.mx\/index.php?rest_route=\/wp\/v2\/users\/2476"}],"replies":[{"embeddable":true,"href":"https:\/\/encuentroinformativo.com.mx\/index.php?rest_route=%2Fwp%2Fv2%2Fcomments&post=62394"}],"version-history":[{"count":1,"href":"https:\/\/encuentroinformativo.com.mx\/index.php?rest_route=\/wp\/v2\/posts\/62394\/revisions"}],"predecessor-version":[{"id":62395,"href":"https:\/\/encuentroinformativo.com.mx\/index.php?rest_route=\/wp\/v2\/posts\/62394\/revisions\/62395"}],"wp:featuredmedia":[{"embeddable":true,"href":"https:\/\/encuentroinformativo.com.mx\/index.php?rest_route=\/wp\/v2\/media\/387"}],"wp:attachment":[{"href":"https:\/\/encuentroinformativo.com.mx\/index.php?rest_route=%2Fwp%2Fv2%2Fmedia&parent=62394"}],"wp:term":[{"taxonomy":"category","embeddable":true,"href":"https:\/\/encuentroinformativo.com.mx\/index.php?rest_route=%2Fwp%2Fv2%2Fcategories&post=62394"},{"taxonomy":"post_tag","embeddable":true,"href":"https:\/\/encuentroinformativo.com.mx\/index.php?rest_route=%2Fwp%2Fv2%2Ftags&post=62394"}],"curies":[{"name":"wp","href":"https:\/\/api.w.org\/{rel}","templated":true}]}}