{"id":62399,"date":"2025-01-07T12:44:52","date_gmt":"2025-01-07T18:44:52","guid":{"rendered":"https:\/\/encuentroinformativo.com.mx\/?p=62399"},"modified":"2025-01-07T12:44:52","modified_gmt":"2025-01-07T18:44:52","slug":"tras-lluvias-cayo-un-arbol-en-calles-de-coatepec","status":"publish","type":"post","link":"https:\/\/encuentroinformativo.com.mx\/?p=62399","title":{"rendered":"Tras lluvias, cay\u00f3 un \u00e1rbol en calles de Coatepec"},"content":{"rendered":"<p><strong style=\"font-size: 1rem;\">Dar\u00edo Pale<\/strong><\/p>\n<p>Xalapa, Ver.- Un \u00e1rbol de grandes dimensiones cay\u00f3 esta ma\u00f1ana sobre la calle de Cuauht\u00e9moc en el municipio de Coatepec, afortunadamente solo caus\u00f3 da\u00f1os materiales sin que resultaran personas lesionadas.<\/p>\n<p>De acuerdo a informaci\u00f3n que proporcionaron fue debido a la lluvia que se reporta en la regi\u00f3n desde el d\u00eda de ayer, lo que ocasion\u00f3 el reblandecimiento de la tierra provocando la ca\u00edda.<\/p>\n<p>El incidente sucedi\u00f3 justo en la parada de los camiones con rumbo hacia Xico y Teocelo, atr\u00e1s de la Parroquia de San Jer\u00f3nimo.<\/p>\n<p>Vecinos hacen el llamado a tomar precauciones y v\u00edas alternas, ya que el paso qued\u00f3 cerrado en esa importante v\u00eda de comunicaci\u00f3n.<\/p>\n<p><img loading=\"lazy\" decoding=\"async\" class=\"alignnone size-medium wp-image-62400\" src=\"https:\/\/encuentroinformativo.com.mx\/wp-content\/uploads\/2025\/01\/IMG-20250107-WA0044-169x300.jpg\" alt=\"\" width=\"169\" height=\"300\" srcset=\"https:\/\/encuentroinformativo.com.mx\/wp-content\/uploads\/2025\/01\/IMG-20250107-WA0044-169x300.jpg 169w, https:\/\/encuentroinformativo.com.mx\/wp-content\/uploads\/2025\/01\/IMG-20250107-WA0044-576x1024.jpg 576w, https:\/\/encuentroinformativo.com.mx\/wp-content\/uploads\/2025\/01\/IMG-20250107-WA0044.jpg 720w\" sizes=\"auto, (max-width: 169px) 100vw, 169px\" \/><\/p>\n","protected":false},"excerpt":{"rendered":"<p>Dar\u00edo Pale Xalapa, Ver.- Un \u00e1rbol de grandes dimensiones cay\u00f3 esta ma\u00f1ana sobre la calle de Cuauht\u00e9moc en el municipio de Coatepec, afortunadamente solo caus\u00f3 da\u00f1os materiales sin que resultaran personas lesionadas. De acuerdo a informaci\u00f3n que proporcionaron fue debido a la lluvia que se reporta en la regi\u00f3n desde el d\u00eda de ayer, lo [&hellip;]<\/p>\n","protected":false},"author":2476,"featured_media":62401,"comment_status":"open","ping_status":"open","sticky":false,"template":"","format":"standard","meta":{"_jetpack_memberships_contains_paid_content":false,"footnotes":""},"categories":[8],"tags":[],"class_list":["post-62399","post","type-post","status-publish","format-standard","has-post-thumbnail","hentry","category-region"],"jetpack_featured_media_url":"https:\/\/encuentroinformativo.com.mx\/wp-content\/uploads\/2025\/01\/IMG-20250107-WA0042.jpg","jetpack_sharing_enabled":true,"jetpack_likes_enabled":true,"amp_enabled":true,"_links":{"self":[{"href":"https:\/\/encuentroinformativo.com.mx\/index.php?rest_route=\/wp\/v2\/posts\/62399","targetHints":{"allow":["GET"]}}],"collection":[{"href":"https:\/\/encuentroinformativo.com.mx\/index.php?rest_route=\/wp\/v2\/posts"}],"about":[{"href":"https:\/\/encuentroinformativo.com.mx\/index.php?rest_route=\/wp\/v2\/types\/post"}],"author":[{"embeddable":true,"href":"https:\/\/encuentroinformativo.com.mx\/index.php?rest_route=\/wp\/v2\/users\/2476"}],"replies":[{"embeddable":true,"href":"https:\/\/encuentroinformativo.com.mx\/index.php?rest_route=%2Fwp%2Fv2%2Fcomments&post=62399"}],"version-history":[{"count":1,"href":"https:\/\/encuentroinformativo.com.mx\/index.php?rest_route=\/wp\/v2\/posts\/62399\/revisions"}],"predecessor-version":[{"id":62402,"href":"https:\/\/encuentroinformativo.com.mx\/index.php?rest_route=\/wp\/v2\/posts\/62399\/revisions\/62402"}],"wp:featuredmedia":[{"embeddable":true,"href":"https:\/\/encuentroinformativo.com.mx\/index.php?rest_route=\/wp\/v2\/media\/62401"}],"wp:attachment":[{"href":"https:\/\/encuentroinformativo.com.mx\/index.php?rest_route=%2Fwp%2Fv2%2Fmedia&parent=62399"}],"wp:term":[{"taxonomy":"category","embeddable":true,"href":"https:\/\/encuentroinformativo.com.mx\/index.php?rest_route=%2Fwp%2Fv2%2Fcategories&post=62399"},{"taxonomy":"post_tag","embeddable":true,"href":"https:\/\/encuentroinformativo.com.mx\/index.php?rest_route=%2Fwp%2Fv2%2Ftags&post=62399"}],"curies":[{"name":"wp","href":"https:\/\/api.w.org\/{rel}","templated":true}]}}