{"id":62413,"date":"2025-01-07T14:41:13","date_gmt":"2025-01-07T20:41:13","guid":{"rendered":"https:\/\/encuentroinformativo.com.mx\/?p=62413"},"modified":"2025-01-07T14:41:13","modified_gmt":"2025-01-07T20:41:13","slug":"se-registro-daniela-griego-como-aspirante-a-alcaldia-xalapena","status":"publish","type":"post","link":"https:\/\/encuentroinformativo.com.mx\/?p=62413","title":{"rendered":"Se registr\u00f3 Daniela Griego como aspirante a alcald\u00eda xalape\u00f1a"},"content":{"rendered":"<p><strong><span style=\"font-size: 1rem;\">Dar\u00edo Pale<\/span><\/strong><\/p>\n<p>Xalapa, Ver.- Se registr\u00f3 este lunes en el proceso interno del partido Movimiento de Regeneraci\u00f3n Nacional (MORENA) para obtener la candidatura a la presidencia municipal de Xalapa, la actual directora del Instituto de Pensiones del Estado, Daniela Griego Ceballos.<\/p>\n<p>El proceso a cargo del Comit\u00e9 Ejecutivo Estatal de Morena inici\u00f3 este lunes y concluye a las 23:59 horas del pr\u00f3ximo mi\u00e9rcoles 8.<\/p>\n<p>En este periodo permanece abierta la plataforma de registro para quienes aspiran a convertirse en candidatos y candidatas de este partido a alcald\u00edas, as\u00ed como S\u00edndicos y Regidores en los 212 municipios veracruzanos.<\/p>\n<p>Cabe mencionar que el pasado 28 de noviembre Daniela Griego confirm\u00f3 su deseo de participar en el proceso interno de su partido.<\/p>\n<p>Finalmente coment\u00f3, \u201cvamos a empezar y a esperar los tiempos. Supongo que el proceso interno de Morena debe andar a finales de enero y principios de febrero del a\u00f1o pr\u00f3ximo, vamos a esperar esos tiempos y a dialogar con el equipo, con la propia ingeniera Roc\u00edo, tiene un propio encargo para el instituto. No hay prisa, todo a su tiempo&#8221;.<\/p>\n","protected":false},"excerpt":{"rendered":"<p>Dar\u00edo Pale Xalapa, Ver.- Se registr\u00f3 este lunes en el proceso interno del partido Movimiento de Regeneraci\u00f3n Nacional (MORENA) para obtener la candidatura a la presidencia municipal de Xalapa, la actual directora del Instituto de Pensiones del Estado, Daniela Griego Ceballos. El proceso a cargo del Comit\u00e9 Ejecutivo Estatal de Morena inici\u00f3 este lunes y [&hellip;]<\/p>\n","protected":false},"author":2476,"featured_media":47651,"comment_status":"open","ping_status":"open","sticky":false,"template":"","format":"standard","meta":{"_jetpack_memberships_contains_paid_content":false,"footnotes":""},"categories":[3],"tags":[],"class_list":["post-62413","post","type-post","status-publish","format-standard","has-post-thumbnail","hentry","category-xalapa"],"jetpack_featured_media_url":"https:\/\/encuentroinformativo.com.mx\/wp-content\/uploads\/2023\/11\/IMG-20231117-WA00262.jpg","jetpack_sharing_enabled":true,"jetpack_likes_enabled":true,"amp_enabled":true,"_links":{"self":[{"href":"https:\/\/encuentroinformativo.com.mx\/index.php?rest_route=\/wp\/v2\/posts\/62413","targetHints":{"allow":["GET"]}}],"collection":[{"href":"https:\/\/encuentroinformativo.com.mx\/index.php?rest_route=\/wp\/v2\/posts"}],"about":[{"href":"https:\/\/encuentroinformativo.com.mx\/index.php?rest_route=\/wp\/v2\/types\/post"}],"author":[{"embeddable":true,"href":"https:\/\/encuentroinformativo.com.mx\/index.php?rest_route=\/wp\/v2\/users\/2476"}],"replies":[{"embeddable":true,"href":"https:\/\/encuentroinformativo.com.mx\/index.php?rest_route=%2Fwp%2Fv2%2Fcomments&post=62413"}],"version-history":[{"count":1,"href":"https:\/\/encuentroinformativo.com.mx\/index.php?rest_route=\/wp\/v2\/posts\/62413\/revisions"}],"predecessor-version":[{"id":62414,"href":"https:\/\/encuentroinformativo.com.mx\/index.php?rest_route=\/wp\/v2\/posts\/62413\/revisions\/62414"}],"wp:featuredmedia":[{"embeddable":true,"href":"https:\/\/encuentroinformativo.com.mx\/index.php?rest_route=\/wp\/v2\/media\/47651"}],"wp:attachment":[{"href":"https:\/\/encuentroinformativo.com.mx\/index.php?rest_route=%2Fwp%2Fv2%2Fmedia&parent=62413"}],"wp:term":[{"taxonomy":"category","embeddable":true,"href":"https:\/\/encuentroinformativo.com.mx\/index.php?rest_route=%2Fwp%2Fv2%2Fcategories&post=62413"},{"taxonomy":"post_tag","embeddable":true,"href":"https:\/\/encuentroinformativo.com.mx\/index.php?rest_route=%2Fwp%2Fv2%2Ftags&post=62413"}],"curies":[{"name":"wp","href":"https:\/\/api.w.org\/{rel}","templated":true}]}}