{"id":62415,"date":"2025-01-07T14:50:17","date_gmt":"2025-01-07T20:50:17","guid":{"rendered":"https:\/\/encuentroinformativo.com.mx\/?p=62415"},"modified":"2025-01-07T14:50:17","modified_gmt":"2025-01-07T20:50:17","slug":"se-registra-ivonne-cisneros-para-proceso-interno-de-morena","status":"publish","type":"post","link":"https:\/\/encuentroinformativo.com.mx\/?p=62415","title":{"rendered":"Se registra Ivonne Cisneros para proceso interno de Morena"},"content":{"rendered":"<p><strong><span style=\"font-size: 1rem;\">Dar\u00edo Pale<\/span><\/strong><\/p>\n<p>Xalapa, Ver.- Buscar\u00e1 la ex diputada Ivonne Cisneros Lujan la candidatura a la alcald\u00eda de Xalapa, por Morena, anunci\u00f3 su decisi\u00f3n de participar en el proceso interno de su partido, adem\u00e1s neg\u00f3 su parentesco con la dirigente nacional de su partido Luisa Mar\u00eda Alcalde Luj\u00e1n.<\/p>\n<p>En conferencia de prensa, expuso que no sabe todav\u00eda si debe ser hombre o mujer a quien le corresponda la candidatura, toda vez que se debe respetar la paridad de g\u00e9nero.<\/p>\n<p>&#8220;Creemos que es tiempo de mujeres en Xalapa y vamos a hacer todo lo posible. En caso de que no sea as\u00ed, vamos a apoyar con todo a nuestro compa\u00f1ero Alfonso Oceguera y, desde luego, vamos a apoyar la decisi\u00f3n final que tome nuestro partido&#8221;, indic\u00f3.<\/p>\n<p>Sostuvo que ha venido trabajando en la izquierda desde hace casi 50 a\u00f1os, ah\u00ed dijo que no le da pena decir su edad, es decir, 68 a\u00f1os.<\/p>\n<p>Record\u00f3 que en 2017 fue s\u00edndica del ayuntamiento de Xalapa, luego se incorpor\u00f3 al gabinete del entonces presidente Andr\u00e9s Manuel L\u00f3pez Obrador como titular de lo que era el Seguro Popular.<\/p>\n<p>Resalt\u00f3 que tiene la experiencia profesional y pol\u00edtica de muchos a\u00f1os atr\u00e1s que pueden servir para seguir transformando Xalapa.<\/p>\n<p>Expuso que uno de los problemas m\u00e1s importantes de la capital veracruzana es la movilidad, tema que se debe atender de la mano con el gobierno del Estado.<\/p>\n<p>Adem\u00e1s, dijo que propondr\u00e1 un plan h\u00eddrico en coordinaci\u00f3n con los \u00e1mbitos de Gobierno.<\/p>\n<p>Reconoci\u00f3 que el servicio del agua potable es de los m\u00e1s caros en todo el pa\u00eds, lo cual se debe resolver porque no es justo que haya tantos problemas con este derecho humano y que adem\u00e1s sea tan caro.<\/p>\n<p>Manifest\u00f3 que otra de las cosas que har\u00e1, en caso de ganar la candidatura y luego la alcald\u00eda, ser\u00e1 preservar el bosque de niebla.<\/p>\n<p>&#8220;Vamos a tener mucho cuidado en el ordenamiento territorial, en el desarrollo urbano, pero tambi\u00e9n en la gesti\u00f3n de residuos junto con la gente&#8221;, asegur\u00f3.<\/p>\n<p>En otro orden de ideas Cisneros Luj\u00e1n neg\u00f3 que tenga un parentesco con la dirigente nacional de su partido Luisa Mar\u00eda Alcalde Luj\u00e1n.<\/p>\n<p>Rechaz\u00f3 las versiones que la se\u00f1alan como t\u00eda de la presidenta del Comit\u00e9 Nacional de Morena.<\/p>\n<p>&#8220;Me encantar\u00eda que Luisa Mar\u00eda y yo fu\u00e9semos familiares, pero qu\u00e9 creen, que no. Imag\u00ednense que por tener un apellido Hern\u00e1ndez, Garc\u00eda, Gonz\u00e1lez, etc\u00e9tera, te pudieran relacionar con otra persona. En este caso tenemos el honor de apellidarnos Luj\u00e1n que no es tan com\u00fan, pero eso no significa que tengamos una relaci\u00f3n consagu\u00ednea&#8221;, coment\u00f3.<\/p>\n<p>Finalmente la ex diputada federal asegur\u00f3 que tiene mucha confianza en el comit\u00e9 encargado del proceso de encuestas, &#8220;conozco los procesos, s\u00e9 que son absolutamente limpios, transparentes, t\u00e9cnicamente bien hechos&#8221;.<\/p>\n","protected":false},"excerpt":{"rendered":"<p>Dar\u00edo Pale Xalapa, Ver.- Buscar\u00e1 la ex diputada Ivonne Cisneros Lujan la candidatura a la alcald\u00eda de Xalapa, por Morena, anunci\u00f3 su decisi\u00f3n de participar en el proceso interno de su partido, adem\u00e1s neg\u00f3 su parentesco con la dirigente nacional de su partido Luisa Mar\u00eda Alcalde Luj\u00e1n. En conferencia de prensa, expuso que no sabe [&hellip;]<\/p>\n","protected":false},"author":2476,"featured_media":62416,"comment_status":"open","ping_status":"open","sticky":false,"template":"","format":"standard","meta":{"_jetpack_memberships_contains_paid_content":false,"footnotes":""},"categories":[3],"tags":[],"class_list":["post-62415","post","type-post","status-publish","format-standard","has-post-thumbnail","hentry","category-xalapa"],"jetpack_featured_media_url":"https:\/\/encuentroinformativo.com.mx\/wp-content\/uploads\/2025\/01\/IMG-20250107-WA0101.jpg","jetpack_sharing_enabled":true,"jetpack_likes_enabled":true,"amp_enabled":true,"_links":{"self":[{"href":"https:\/\/encuentroinformativo.com.mx\/index.php?rest_route=\/wp\/v2\/posts\/62415","targetHints":{"allow":["GET"]}}],"collection":[{"href":"https:\/\/encuentroinformativo.com.mx\/index.php?rest_route=\/wp\/v2\/posts"}],"about":[{"href":"https:\/\/encuentroinformativo.com.mx\/index.php?rest_route=\/wp\/v2\/types\/post"}],"author":[{"embeddable":true,"href":"https:\/\/encuentroinformativo.com.mx\/index.php?rest_route=\/wp\/v2\/users\/2476"}],"replies":[{"embeddable":true,"href":"https:\/\/encuentroinformativo.com.mx\/index.php?rest_route=%2Fwp%2Fv2%2Fcomments&post=62415"}],"version-history":[{"count":1,"href":"https:\/\/encuentroinformativo.com.mx\/index.php?rest_route=\/wp\/v2\/posts\/62415\/revisions"}],"predecessor-version":[{"id":62417,"href":"https:\/\/encuentroinformativo.com.mx\/index.php?rest_route=\/wp\/v2\/posts\/62415\/revisions\/62417"}],"wp:featuredmedia":[{"embeddable":true,"href":"https:\/\/encuentroinformativo.com.mx\/index.php?rest_route=\/wp\/v2\/media\/62416"}],"wp:attachment":[{"href":"https:\/\/encuentroinformativo.com.mx\/index.php?rest_route=%2Fwp%2Fv2%2Fmedia&parent=62415"}],"wp:term":[{"taxonomy":"category","embeddable":true,"href":"https:\/\/encuentroinformativo.com.mx\/index.php?rest_route=%2Fwp%2Fv2%2Fcategories&post=62415"},{"taxonomy":"post_tag","embeddable":true,"href":"https:\/\/encuentroinformativo.com.mx\/index.php?rest_route=%2Fwp%2Fv2%2Ftags&post=62415"}],"curies":[{"name":"wp","href":"https:\/\/api.w.org\/{rel}","templated":true}]}}