{"id":62424,"date":"2025-01-07T18:54:28","date_gmt":"2025-01-08T00:54:28","guid":{"rendered":"https:\/\/encuentroinformativo.com.mx\/?p=62424"},"modified":"2025-01-07T18:54:28","modified_gmt":"2025-01-08T00:54:28","slug":"va-noe-cadena-por-la-alcaldia-de-santiago-tuxtla","status":"publish","type":"post","link":"https:\/\/encuentroinformativo.com.mx\/?p=62424","title":{"rendered":"Va No\u00e9 Cadena por la alcald\u00eda de Santiago Tuxtla"},"content":{"rendered":"<p><strong style=\"font-size: 1rem;\">Alejandro \u00c1vila<\/strong><\/p>\n<p>Santiago Tuxtla, Ver.- No\u00e9 Dom\u00ednguez Cadena, mejor conocido como \u201cNo\u00e9 Cadena\u201d, se registr\u00f3 este d\u00eda para participar en la contienda interna del Partido MORENA y con esto lograr ser candidato a la Presidencia Municipal de su natal Santiago Tuxtla, desde donde se muestra como la \u00fanica opci\u00f3n para lograr que a este municipio llegue la Cuarta Transformaci\u00f3n y as\u00ed ponerle fin a una era de cacicazgo que mantiene a este pueblo sumido en el sub desarrollo.<\/p>\n<p>Empresario, agricultor y ganadero, Dom\u00ednguez Cadena manifest\u00f3 que cuenta con un proyecto s\u00f3lido, con propuestas reales y basadas en el bienestar social, necesarias para poder lograr que Santiago Tuxtla salga del atraso y del mal gobierno que lo ha caracterizado en los \u00faltimos a\u00f1os, donde una sola familia de perredistas, se\u00f1alados en m\u00faltiples ocasiones de actos de corrupci\u00f3n y malos manejos del recurso p\u00fablico mantienen el control del ayuntamiento.<\/p>\n<p>En un mensaje en sus redes sociales, el tambi\u00e9n padre de familia y joven pol\u00edtico de los Tuxtlas, invit\u00f3 a la poblaci\u00f3n a unirse entorno a su proyecto pues a lo largo de estos meses ha demostrado con hechos ser la \u00fanica opci\u00f3n que garantiza un cambio real para Santiago Tuxtla, ya que los dem\u00e1s aspirantes que buscan la postulaci\u00f3n no cuentan con la simpat\u00eda necesaria en la poblaci\u00f3n, ni la experiencia para poder consolidar el proyecto de la Cuarta transformaci\u00f3n.<\/p>\n<p>Desde hace meses, se comenta, el tambi\u00e9n ex servidor p\u00fablico del orden federal ha ido ganando terreno en las preferencias de los votantes, al grado que son miles de personas las que han hecho suyo el entusiasmo y la bandera de lucha que enarbola para sacar del atraso a las comunidades y cabecera de Santiago Tuxtla.<\/p>\n<p>Desde 2018 se ha visto a No\u00e9 Cadena sumado al trabajo activo para posicionar al partido MORENA en los Tuxtlas, al grado de que hoy en d\u00eda pese a su juventud, ya es visto en Xalapa como la opci\u00f3n m\u00e1s s\u00f3lida para terminar con el cacicazgo que desde hace m\u00e1s de una d\u00e9cada mantiene el control del municipio, poniendo a los candidatos de una misma familia.<\/p>\n<p>El avance notable y consolidaci\u00f3n del proyecto de No\u00e9 Dom\u00ednguez Cadena, ha provocado ser blanco de ataques e incluso de campa\u00f1as de difamaci\u00f3n y mentiras, patrocinadas desde la actual Presidencia Municipal de Santiago Tuxtla, resulta llamativo que, a pesar de existir m\u00e1s aspirantes del partido guinda en este municipio, solo a \u00e9l lo golpean a trav\u00e9s de los medios de comunicaci\u00f3n afines al gobierno municipal, lo cual se traduce en desesperaci\u00f3n y representa una amenaza para el actual ayuntamiento electo por la Coalici\u00f3n PAN-PRD.<\/p>\n<p>Cada una de las mentiras e inventos de las que ha sido blanco No\u00e9 Dom\u00ednguez Cadena han ca\u00eddo por su propio peso, en donde \u00e9l ha resultado victorioso de los ataques lanzados en su contra.<\/p>\n<p>En las redes sociales hay constancia de que cada una de la acciones emprendidas por No\u00e9 Dom\u00ednguez Cadena, cuentan con muy buena aceptaci\u00f3n por la ciudadan\u00eda, pues es el \u00fanico que lleva meses caminando por las calles del pueblo con hechos reales acciones y propuestas s\u00f3lidas y bien elaboradas para mejorar a Santiago Tuxtla.<\/p>\n<p>En su andar, Dom\u00ednguez Cadena ha puesto de manifiesto su amor por Santiago Tuxtla, as\u00ed como una pasi\u00f3n que ning\u00fan otro aspirante trae. Comenz\u00f3 reparando los baches de la carretera principal de Santiago Tuxtla-Isla, lo que le gener\u00f3 incluso un ataque directo de la alcaldesa con tal de bajarlo de las preferencias, y en donde la poblaci\u00f3n lo respald\u00f3, pues \u00e9l lleg\u00f3 a resolver un problema que el gobierno municipal no atiende, y que mantiene las calles, carreteras y caminos de pueblos completamente abandonados, a pesar de que ante el ORFIS han reportado millonarias inversiones para reparar caminos, lo que deja en claro el saqueo monumental en ese rubro y las mentiras para el pueblo.<\/p>\n<p>\u201cQue el dinero se invierta donde se tiene que invertir\u201d, dijo al hacer referencia que son muchos millones de pesos los que estos \u00faltimos a\u00f1os han ido a parar a la la bolsas de la familia que mal gobierna Santiago, donde no hay medicinas en las cl\u00ednicas, persisten las obras de mala calidad, los caminos a las comunidades est\u00e1n destruidos, las personas enferman por falta de fumigaci\u00f3n contra el dengue, y hasta los parques p\u00fablicos est\u00e1n en completo abandono, y hay pueblos que llevan a\u00f1os sin ver una m\u00e1quina reparando sus calles.<\/p>\n<p>Todo esto ha levantado \u00e1mpula tanto en el gobierno municipal como entre los dem\u00e1s aspirantes que desean ser abanderados de Morena pero la realidad es que est\u00e1n identificados con el mismo esquema de los caciques de Santiago Tuxtla para seguir saqueando el municipio y que al pueblo no le llegue nada.<\/p>\n<p>\u201cUnidos vamos por un nuevo Santiago Tuxtla, con un gobierno sensible y cercano a la gente, el momento ha llegado y vamos con todo\u201d, dijo en su mensaje.<\/p>\n<p>Dom\u00ednguez Cadena es l\u00edder social, ganadero y empresario. Hoy en d\u00eda cuenta con una amplia trayectoria como criador de ganado de registro. En 2023 fue Jefe Nacional de Proyectos de la Direcci\u00f3n General de SEGALMEX, entre sus logros fue la compra de m\u00e1s de un mill\u00f3n de toneladas de ma\u00edz a agricultores en el Estado de Sinaloa, por instrucciones directas del ex presidente Andr\u00e9s Manuel L\u00f3pez Obrador.<\/p>\n<p>En 2024 encabez\u00f3 la Delegaci\u00f3n Federal de DICONSA para el Estado de Veracruz y Tamaulipas y en la que en muy poco tiempo le puso pasi\u00f3n y empe\u00f1o para lograr un mejor suministro de los productos de la canasta b\u00e1sica en tiendas de esta paraestatal.<\/p>\n<p><span style=\"font-size: 1rem;\">Sin lugar a dudas un fuerte aspirante que dejara muy bien parados a los Dirigentes del Partido de Regeneraci\u00f3n Nacional.<\/span><\/p>\n","protected":false},"excerpt":{"rendered":"<p>Alejandro \u00c1vila Santiago Tuxtla, Ver.- No\u00e9 Dom\u00ednguez Cadena, mejor conocido como \u201cNo\u00e9 Cadena\u201d, se registr\u00f3 este d\u00eda para participar en la contienda interna del Partido MORENA y con esto lograr ser candidato a la Presidencia Municipal de su natal Santiago Tuxtla, desde donde se muestra como la \u00fanica opci\u00f3n para lograr que a este municipio [&hellip;]<\/p>\n","protected":false},"author":2476,"featured_media":62428,"comment_status":"open","ping_status":"open","sticky":false,"template":"","format":"standard","meta":{"_jetpack_memberships_contains_paid_content":false,"footnotes":""},"categories":[2],"tags":[],"class_list":["post-62424","post","type-post","status-publish","format-standard","has-post-thumbnail","hentry","category-estado"],"jetpack_featured_media_url":"https:\/\/encuentroinformativo.com.mx\/wp-content\/uploads\/2025\/01\/IMG-20250107-WA02134-scaled.jpg","jetpack_sharing_enabled":true,"jetpack_likes_enabled":true,"amp_enabled":true,"_links":{"self":[{"href":"https:\/\/encuentroinformativo.com.mx\/index.php?rest_route=\/wp\/v2\/posts\/62424","targetHints":{"allow":["GET"]}}],"collection":[{"href":"https:\/\/encuentroinformativo.com.mx\/index.php?rest_route=\/wp\/v2\/posts"}],"about":[{"href":"https:\/\/encuentroinformativo.com.mx\/index.php?rest_route=\/wp\/v2\/types\/post"}],"author":[{"embeddable":true,"href":"https:\/\/encuentroinformativo.com.mx\/index.php?rest_route=\/wp\/v2\/users\/2476"}],"replies":[{"embeddable":true,"href":"https:\/\/encuentroinformativo.com.mx\/index.php?rest_route=%2Fwp%2Fv2%2Fcomments&post=62424"}],"version-history":[{"count":1,"href":"https:\/\/encuentroinformativo.com.mx\/index.php?rest_route=\/wp\/v2\/posts\/62424\/revisions"}],"predecessor-version":[{"id":62426,"href":"https:\/\/encuentroinformativo.com.mx\/index.php?rest_route=\/wp\/v2\/posts\/62424\/revisions\/62426"}],"wp:featuredmedia":[{"embeddable":true,"href":"https:\/\/encuentroinformativo.com.mx\/index.php?rest_route=\/wp\/v2\/media\/62428"}],"wp:attachment":[{"href":"https:\/\/encuentroinformativo.com.mx\/index.php?rest_route=%2Fwp%2Fv2%2Fmedia&parent=62424"}],"wp:term":[{"taxonomy":"category","embeddable":true,"href":"https:\/\/encuentroinformativo.com.mx\/index.php?rest_route=%2Fwp%2Fv2%2Fcategories&post=62424"},{"taxonomy":"post_tag","embeddable":true,"href":"https:\/\/encuentroinformativo.com.mx\/index.php?rest_route=%2Fwp%2Fv2%2Ftags&post=62424"}],"curies":[{"name":"wp","href":"https:\/\/api.w.org\/{rel}","templated":true}]}}