{"id":6243,"date":"2020-09-28T09:25:11","date_gmt":"2020-09-28T14:25:11","guid":{"rendered":"https:\/\/encuentroinformativo.com.mx\/?p=6243"},"modified":"2020-09-28T09:25:14","modified_gmt":"2020-09-28T14:25:14","slug":"violencia-economica-patrimonial-y-fiscal-en-mujeres","status":"publish","type":"post","link":"https:\/\/encuentroinformativo.com.mx\/?p=6243","title":{"rendered":"Violencia econ\u00f3mica, patrimonial y fiscal en mujeres"},"content":{"rendered":"\n<p><strong>N\u00fameros Rojos<\/strong><\/p>\n\n\n\n<p><strong>Brenda Caballero<\/strong><\/p>\n\n\n\n<p>Hace unos d\u00edas tuve la oportunidad de escuchar el Foro de Mujeres \u201cParticipaci\u00f3n de la mujer en la defensa fiscal y su impacto en el entorno social\u201d que realiz\u00f3 la Procuradur\u00eda de la defensa del Contribuyente (Prodecon).&nbsp;<\/p>\n\n\n\n<p>Fue un grato sabor de boca ver a las delegadas de diversos estados de la Rep\u00fablica Mexicana pronunciarse sobre la defensa de los derechos humanos en materia tributaria, adem\u00e1s de&nbsp; diversos criterios jurisdiccionales que han aplicado en sus estados en materia de devoluciones de impuestos, de infracciones, de cancelaci\u00f3n de sellos digitales, de Empresa que Deduce Operaciones Simuladas (EDOS) y de Empresa que Factura Operaciones Simuladas (EFOS).<\/p>\n\n\n\n<p>Antes de continuar escribiendo, le comento que la Prodecon es un organismo p\u00fablico descentralizado, aut\u00f3nomo, especializado en materia tributaria, que proporciona de forma gratuita, \u00e1gil y sencilla servicios de orientaci\u00f3n, asesor\u00eda, consulta, representaci\u00f3n y defensa legal, investigaci\u00f3n, recepci\u00f3n y tr\u00e1mite de quejas y reclamaciones contra actos u omisiones de las autoridades fiscales federales que vulneren los derechos de los contribuyentes, as\u00ed como de acuerdos conclusivos como un medio alternativo para resolver de forma anticipada y consensuada los diferendos que durante el ejercicio de las facultades de comprobaci\u00f3n, surjan entre las autoridades fiscales y los contribuyentes, o bien, para regularizar la situaci\u00f3n fiscal de estos \u00faltimos.<\/p>\n\n\n\n<p>Si bien las participaciones de las delegadas fue interesante, es destacable la intervenci\u00f3n de la doctora Martha Elba D\u00e1vila P\u00e9rez, Secretaria de Acuerdos&nbsp; de la Sala Regional del Centro en el Tribunal Federal de Justicia Administrativa, donde habl\u00f3 de algunos casos de \u00e9xito en la procuraci\u00f3n de justicia fiscal con perspectiva de g\u00e9nero.<\/p>\n\n\n\n<p>La delegada de Colima Ferlia Adame Jacobo Oceguera refiri\u00f3 un caso de violencia econ\u00f3mica o patrimonial de g\u00e9nero, donde una mujer acudi\u00f3 a la delegaci\u00f3n de Prodecon ante el riesgo de perder el inmueble donde viv\u00eda con sus hijos. Esto, derivado de que su esposo ten\u00eda diversos cr\u00e9ditos fiscales los cuales no hab\u00eda pagado al SAT ni dio a conocer a su esposa. El se\u00f1or fallece, y ella al tener total dependencia de \u00e9l y no tener la posibilidad de involucrarse en la actividad financiera y patrimonial, desconoce totalmente que su casa ya estaba embargada y adjudicada por el SAT. En Prodecon la apoyaron interponiendo juicio de nulidad, logrando una sentencia favorable y la mujer y sus hijos pudieron recuperar la casa donde viv\u00edan y adem\u00e1s la eliminaci\u00f3n de los cr\u00e9ditos que afectaban a su patrimonio.<\/p>\n\n\n\n<p>Prodecon refiere que tambi\u00e9n tiene registros en su poder de violencia econ\u00f3mica o patrimonial de g\u00e9nero, donde las contribuyentes prestaron sus datos fiscales a sus c\u00f3nyuges para que a su nombre, aperturaran un negocio y lo administraran totalmente, desconociendo ellas por completo lo realizado por sus parejas.<\/p>\n\n\n\n<p>Al respecto, D\u00e1vila P\u00e9rez identifica otros tipos de violencia patrimonial:<\/p>\n\n\n\n<p>1.- Identificar la inasistencia alimentaria como una forma de violencia econ\u00f3mica.<\/p>\n\n\n\n<p>2.- El desamparo econ\u00f3mico en el que quedan las mujeres y sus hijos cuando concluye la relaci\u00f3n de pareja.<\/p>\n\n\n\n<p>3.- El da\u00f1o o sustracci\u00f3n de bienes de la mujer o de bienes conjuntos.<\/p>\n\n\n\n<p>4.- La violencia econ\u00f3mica social que ejercen algunos c\u00e1rteles o polic\u00edas donde extorsionan a las mujeres con peque\u00f1os negocios propios a cambio de protecci\u00f3n.<\/p>\n\n\n\n<p>5.- Diferencias salariales de las mujeres respecto a las de los hombres por la realizaci\u00f3n del mismo trabajo.<\/p>\n\n\n\n<p>Asimismo, la doctora habla de las deducciones personales y pone como ejemplo las colegiaturas, donde no son deducibles las guarder\u00edas, indispensable para que una mujer pueda trabajar. Habla tambi\u00e9n de que las mujeres pagamos m\u00e1s impuestos al estar gravadas las toallas femeninas y que hay una iniciativa para destaxarlas como ha sucedido en Colombia o La Uni\u00f3n Europea. En el caso de champ\u00fas o cremas para rasurar, los usados por mujeres tienen un costo m\u00e1s elevado y aunque estamos acostumbradas a pagarlo, no es normal, ya que lo hacen por considerarnos m\u00e1s consumidoras.<\/p>\n\n\n\n<p>Otro de los casos ganados por Prodecon Colima es respecto a la negaci\u00f3n que hizo el SAT de los gastos por fecundaci\u00f3n in vitro, por considerar que no reun\u00eda los requisitos para ser deducible, por no ser estrictamente indispensable, porque no tratan ninguna enfermedad o padecimiento; sin embargo, con juicio de nulidad, la contribuyente obtuvo sentencia favorable. Tambi\u00e9n tienen un caso similar de preservaci\u00f3n de c\u00e9lulas madre, aunque a\u00fan est\u00e1 pendiente de resoluci\u00f3n por parte del Tribunal Federal de Justicia Administrativa.<\/p>\n\n\n\n<p>@NumerosRojos_BC<\/p>\n\n\n\n<p><a href=\"mailto:caballero_brenda@hotmail.com\" target=\"_blank\" rel=\"noreferrer noopener\">caballero_brenda@hotmail.com<\/a><\/p>\n","protected":false},"excerpt":{"rendered":"<p>N\u00fameros Rojos Brenda Caballero Hace unos d\u00edas tuve la oportunidad de escuchar el Foro de Mujeres \u201cParticipaci\u00f3n de la mujer en la defensa fiscal y su impacto en el entorno social\u201d que realiz\u00f3 la Procuradur\u00eda de la defensa del Contribuyente (Prodecon).&nbsp; Fue un grato sabor de boca ver a las delegadas de diversos estados de [&hellip;]<\/p>\n","protected":false},"author":1,"featured_media":387,"comment_status":"open","ping_status":"open","sticky":false,"template":"","format":"standard","meta":{"_jetpack_memberships_contains_paid_content":false,"footnotes":""},"categories":[11],"tags":[],"class_list":["post-6243","post","type-post","status-publish","format-standard","has-post-thumbnail","hentry","category-opinion"],"jetpack_featured_media_url":"https:\/\/encuentroinformativo.com.mx\/wp-content\/uploads\/2020\/03\/7CF8A22B-2764-47BE-8F7F-38FE9E5D6A2F.jpeg","jetpack_sharing_enabled":true,"jetpack_likes_enabled":true,"amp_enabled":true,"_links":{"self":[{"href":"https:\/\/encuentroinformativo.com.mx\/index.php?rest_route=\/wp\/v2\/posts\/6243","targetHints":{"allow":["GET"]}}],"collection":[{"href":"https:\/\/encuentroinformativo.com.mx\/index.php?rest_route=\/wp\/v2\/posts"}],"about":[{"href":"https:\/\/encuentroinformativo.com.mx\/index.php?rest_route=\/wp\/v2\/types\/post"}],"author":[{"embeddable":true,"href":"https:\/\/encuentroinformativo.com.mx\/index.php?rest_route=\/wp\/v2\/users\/1"}],"replies":[{"embeddable":true,"href":"https:\/\/encuentroinformativo.com.mx\/index.php?rest_route=%2Fwp%2Fv2%2Fcomments&post=6243"}],"version-history":[{"count":1,"href":"https:\/\/encuentroinformativo.com.mx\/index.php?rest_route=\/wp\/v2\/posts\/6243\/revisions"}],"predecessor-version":[{"id":6244,"href":"https:\/\/encuentroinformativo.com.mx\/index.php?rest_route=\/wp\/v2\/posts\/6243\/revisions\/6244"}],"wp:featuredmedia":[{"embeddable":true,"href":"https:\/\/encuentroinformativo.com.mx\/index.php?rest_route=\/wp\/v2\/media\/387"}],"wp:attachment":[{"href":"https:\/\/encuentroinformativo.com.mx\/index.php?rest_route=%2Fwp%2Fv2%2Fmedia&parent=6243"}],"wp:term":[{"taxonomy":"category","embeddable":true,"href":"https:\/\/encuentroinformativo.com.mx\/index.php?rest_route=%2Fwp%2Fv2%2Fcategories&post=6243"},{"taxonomy":"post_tag","embeddable":true,"href":"https:\/\/encuentroinformativo.com.mx\/index.php?rest_route=%2Fwp%2Fv2%2Ftags&post=6243"}],"curies":[{"name":"wp","href":"https:\/\/api.w.org\/{rel}","templated":true}]}}