{"id":62432,"date":"2025-01-07T19:05:09","date_gmt":"2025-01-08T01:05:09","guid":{"rendered":"https:\/\/encuentroinformativo.com.mx\/?p=62432"},"modified":"2025-01-07T19:05:09","modified_gmt":"2025-01-08T01:05:09","slug":"fundadores-solicitaron-mi-registro-para-la-alcaldia-portena-pepin-ruiz","status":"publish","type":"post","link":"https:\/\/encuentroinformativo.com.mx\/?p=62432","title":{"rendered":"Fundadores solicitaron mi registro para la alcald\u00eda porte\u00f1a: Pep\u00edn Ruiz"},"content":{"rendered":"<p><strong style=\"font-size: 1rem;\">Alejandro \u00c1vila<\/strong><\/p>\n<p>Veracruz, Ver.- En rueda de prensa ofrecida la tarde de este martes y arropado por decenas de seguidores y fundadores de Morena, el diputado local, Jos\u00e9 Ricardo Ruiz Carmona, inform\u00f3 sobre su registro a la convocatoria interna para la precandidatura por la alcald\u00eda de Veracruz.<\/p>\n<p>&#8220;Todas mis amigas y amigos fundadores y muchos otros que no pudieron asistir, pero que me solicitaron de manera directa que me registrara este proceso interno de nuestro partido para la precandidatura a la alcald\u00eda de Veracruz&#8221;, sostuvo en rueda de prensa.<\/p>\n<p>Pasadas las 5 de la tarde una caravana lleg\u00f3 por la avenida Independencia en el Centro Hist\u00f3rico de Veracruz, la cual fue liderada por el legislador del Distrito 15.<\/p>\n<p>En conocido caf\u00e9, fanfarrias y vitoreos fueron entonados por su grupo pol\u00edtico y donde fundadores del Movimiento de Regeneraci\u00f3n Nacional dieron su opini\u00f3n del por qu\u00e9 el actual diputado es el candidato ideal para sacar al municipio del bache en el que se encuentra.<\/p>\n<p>Posterior a la rueda de prensa, Pep\u00edn Ruiz camino por el Centro Hist\u00f3rico, donde ciudadanos se le acercaron para tomarse fotograf\u00edas y mostrarles su respaldo en su aspiraci\u00f3n por la presidencia municipal del primer municipio de Am\u00e9rica.<\/p>\n","protected":false},"excerpt":{"rendered":"<p>Alejandro \u00c1vila Veracruz, Ver.- En rueda de prensa ofrecida la tarde de este martes y arropado por decenas de seguidores y fundadores de Morena, el diputado local, Jos\u00e9 Ricardo Ruiz Carmona, inform\u00f3 sobre su registro a la convocatoria interna para la precandidatura por la alcald\u00eda de Veracruz. &#8220;Todas mis amigas y amigos fundadores y muchos [&hellip;]<\/p>\n","protected":false},"author":2476,"featured_media":62433,"comment_status":"open","ping_status":"open","sticky":false,"template":"","format":"standard","meta":{"_jetpack_memberships_contains_paid_content":false,"footnotes":""},"categories":[2],"tags":[],"class_list":["post-62432","post","type-post","status-publish","format-standard","has-post-thumbnail","hentry","category-estado"],"jetpack_featured_media_url":"https:\/\/encuentroinformativo.com.mx\/wp-content\/uploads\/2025\/01\/IMG-20250107-WA0223.jpg","jetpack_sharing_enabled":true,"jetpack_likes_enabled":true,"amp_enabled":true,"_links":{"self":[{"href":"https:\/\/encuentroinformativo.com.mx\/index.php?rest_route=\/wp\/v2\/posts\/62432","targetHints":{"allow":["GET"]}}],"collection":[{"href":"https:\/\/encuentroinformativo.com.mx\/index.php?rest_route=\/wp\/v2\/posts"}],"about":[{"href":"https:\/\/encuentroinformativo.com.mx\/index.php?rest_route=\/wp\/v2\/types\/post"}],"author":[{"embeddable":true,"href":"https:\/\/encuentroinformativo.com.mx\/index.php?rest_route=\/wp\/v2\/users\/2476"}],"replies":[{"embeddable":true,"href":"https:\/\/encuentroinformativo.com.mx\/index.php?rest_route=%2Fwp%2Fv2%2Fcomments&post=62432"}],"version-history":[{"count":1,"href":"https:\/\/encuentroinformativo.com.mx\/index.php?rest_route=\/wp\/v2\/posts\/62432\/revisions"}],"predecessor-version":[{"id":62434,"href":"https:\/\/encuentroinformativo.com.mx\/index.php?rest_route=\/wp\/v2\/posts\/62432\/revisions\/62434"}],"wp:featuredmedia":[{"embeddable":true,"href":"https:\/\/encuentroinformativo.com.mx\/index.php?rest_route=\/wp\/v2\/media\/62433"}],"wp:attachment":[{"href":"https:\/\/encuentroinformativo.com.mx\/index.php?rest_route=%2Fwp%2Fv2%2Fmedia&parent=62432"}],"wp:term":[{"taxonomy":"category","embeddable":true,"href":"https:\/\/encuentroinformativo.com.mx\/index.php?rest_route=%2Fwp%2Fv2%2Fcategories&post=62432"},{"taxonomy":"post_tag","embeddable":true,"href":"https:\/\/encuentroinformativo.com.mx\/index.php?rest_route=%2Fwp%2Fv2%2Ftags&post=62432"}],"curies":[{"name":"wp","href":"https:\/\/api.w.org\/{rel}","templated":true}]}}