{"id":62435,"date":"2025-01-07T19:10:58","date_gmt":"2025-01-08T01:10:58","guid":{"rendered":"https:\/\/encuentroinformativo.com.mx\/?p=62435"},"modified":"2025-01-07T19:10:58","modified_gmt":"2025-01-08T01:10:58","slug":"conmemora-lxvii-legislatura-a-los-martires-de-rio-blanco","status":"publish","type":"post","link":"https:\/\/encuentroinformativo.com.mx\/?p=62435","title":{"rendered":"Conmemora LXVII Legislatura a los M\u00e1rtires de R\u00edo Blanco"},"content":{"rendered":"<p style=\"font-weight: 400;\">Xalapa, Ver.- En representaci\u00f3n del Congreso del Estado de Veracruz, la presidenta de la Mesa Directiva, diputada Tanya Carola Viveros Ch\u00e1zaro, y el presidente de la Junta de Coordinaci\u00f3n Pol\u00edtica (Jucopo), diputado Esteban Bautista Hern\u00e1ndez, encabezaron el grupo de legisladoras y legisladores locales que asistieron a la conmemoraci\u00f3n del aniversario 118 de los M\u00e1rtires de R\u00edo Blanco.<\/p>\n<p style=\"font-weight: 400;\">Este acto, encabezado por la gobernadora de Veracruz, Roc\u00edo Nahle Garc\u00eda, cont\u00f3 con la presencia de l\u00edderes sindicales, representantes populares federales, servidores p\u00fablicos municipales y de la administraci\u00f3n p\u00fablica estatal. Por la LXVII Legislatura, asistieron las diputadas Ang\u00e9lica Pe\u00f1a Mart\u00ednez, Guadalupe V\u00e1zquez Gonz\u00e1lez, Tania Mar\u00eda Cruz Mej\u00eda, Dulce Mar\u00eda Hern\u00e1ndez Tepole y Dorheny Garc\u00eda Cayetano, as\u00ed como los diputados Igor Fidel Roj\u00ed L\u00f3pez, Diego Casta\u00f1eda Aburto, Carlos Marcelo Ruiz S\u00e1nchez, Alejandro Porras Mar\u00edn y Felipe Pineda Barradas.<\/p>\n<p style=\"font-weight: 400;\"><img loading=\"lazy\" decoding=\"async\" class=\"alignnone size-medium wp-image-62437\" src=\"https:\/\/encuentroinformativo.com.mx\/wp-content\/uploads\/2025\/01\/NOV07ENE2025RIOBLANCO2-300x200.jpeg\" alt=\"\" width=\"300\" height=\"200\" srcset=\"https:\/\/encuentroinformativo.com.mx\/wp-content\/uploads\/2025\/01\/NOV07ENE2025RIOBLANCO2-300x200.jpeg 300w, https:\/\/encuentroinformativo.com.mx\/wp-content\/uploads\/2025\/01\/NOV07ENE2025RIOBLANCO2-1024x683.jpeg 1024w, https:\/\/encuentroinformativo.com.mx\/wp-content\/uploads\/2025\/01\/NOV07ENE2025RIOBLANCO2-768x512.jpeg 768w, https:\/\/encuentroinformativo.com.mx\/wp-content\/uploads\/2025\/01\/NOV07ENE2025RIOBLANCO2-1536x1024.jpeg 1536w, https:\/\/encuentroinformativo.com.mx\/wp-content\/uploads\/2025\/01\/NOV07ENE2025RIOBLANCO2-2048x1365.jpeg 2048w\" sizes=\"auto, (max-width: 300px) 100vw, 300px\" \/><\/p>\n","protected":false},"excerpt":{"rendered":"<p>Xalapa, Ver.- En representaci\u00f3n del Congreso del Estado de Veracruz, la presidenta de la Mesa Directiva, diputada Tanya Carola Viveros Ch\u00e1zaro, y el presidente de la Junta de Coordinaci\u00f3n Pol\u00edtica (Jucopo), diputado Esteban Bautista Hern\u00e1ndez, encabezaron el grupo de legisladoras y legisladores locales que asistieron a la conmemoraci\u00f3n del aniversario 118 de los M\u00e1rtires de [&hellip;]<\/p>\n","protected":false},"author":2476,"featured_media":62436,"comment_status":"open","ping_status":"open","sticky":false,"template":"","format":"standard","meta":{"_jetpack_memberships_contains_paid_content":false,"footnotes":""},"categories":[2],"tags":[],"class_list":["post-62435","post","type-post","status-publish","format-standard","has-post-thumbnail","hentry","category-estado"],"jetpack_featured_media_url":"https:\/\/encuentroinformativo.com.mx\/wp-content\/uploads\/2025\/01\/NOV07ENE2025RIOBLANCO1.jpeg","jetpack_sharing_enabled":true,"jetpack_likes_enabled":true,"amp_enabled":true,"_links":{"self":[{"href":"https:\/\/encuentroinformativo.com.mx\/index.php?rest_route=\/wp\/v2\/posts\/62435","targetHints":{"allow":["GET"]}}],"collection":[{"href":"https:\/\/encuentroinformativo.com.mx\/index.php?rest_route=\/wp\/v2\/posts"}],"about":[{"href":"https:\/\/encuentroinformativo.com.mx\/index.php?rest_route=\/wp\/v2\/types\/post"}],"author":[{"embeddable":true,"href":"https:\/\/encuentroinformativo.com.mx\/index.php?rest_route=\/wp\/v2\/users\/2476"}],"replies":[{"embeddable":true,"href":"https:\/\/encuentroinformativo.com.mx\/index.php?rest_route=%2Fwp%2Fv2%2Fcomments&post=62435"}],"version-history":[{"count":1,"href":"https:\/\/encuentroinformativo.com.mx\/index.php?rest_route=\/wp\/v2\/posts\/62435\/revisions"}],"predecessor-version":[{"id":62438,"href":"https:\/\/encuentroinformativo.com.mx\/index.php?rest_route=\/wp\/v2\/posts\/62435\/revisions\/62438"}],"wp:featuredmedia":[{"embeddable":true,"href":"https:\/\/encuentroinformativo.com.mx\/index.php?rest_route=\/wp\/v2\/media\/62436"}],"wp:attachment":[{"href":"https:\/\/encuentroinformativo.com.mx\/index.php?rest_route=%2Fwp%2Fv2%2Fmedia&parent=62435"}],"wp:term":[{"taxonomy":"category","embeddable":true,"href":"https:\/\/encuentroinformativo.com.mx\/index.php?rest_route=%2Fwp%2Fv2%2Fcategories&post=62435"},{"taxonomy":"post_tag","embeddable":true,"href":"https:\/\/encuentroinformativo.com.mx\/index.php?rest_route=%2Fwp%2Fv2%2Ftags&post=62435"}],"curies":[{"name":"wp","href":"https:\/\/api.w.org\/{rel}","templated":true}]}}