{"id":62447,"date":"2025-01-08T12:39:37","date_gmt":"2025-01-08T18:39:37","guid":{"rendered":"https:\/\/encuentroinformativo.com.mx\/?p=62447"},"modified":"2025-01-08T12:39:37","modified_gmt":"2025-01-08T18:39:37","slug":"por-discriminacion-presentan-denuncia-contra-restaurante","status":"publish","type":"post","link":"https:\/\/encuentroinformativo.com.mx\/?p=62447","title":{"rendered":"Por discriminaci\u00f3n, presentan denuncia contra restaurante"},"content":{"rendered":"<p><strong><span style=\"font-size: 1rem;\">Dar\u00edo Pale<\/span><\/strong><\/p>\n<p>Xalapa, Ver.- Ya present\u00f3 una denuncia por discriminaci\u00f3n ante la Fiscal\u00eda General del Estado, en contra del restaurante Chili&#8217;s Xalapa, donde se le neg\u00f3 el consumo y estancia a su perro gu\u00eda, as\u00ed lo inform\u00f3 el abogado Miguel \u00c1ngel Hern\u00e1ndez Correa.<\/p>\n<p>En conferencia de prensa Miguel \u00c1ngel Hern\u00e1ndez, quien es activista por los derechos de las personas con discapacidad visual, destac\u00f3 que junto con sus abogados, recibi\u00f3 una respuesta r\u00e1pida.<\/p>\n<p>&#8220;Nos dieron el acceso muy r\u00e1pido, con todas las posibilidades. El fiscal nos explic\u00f3 todos los derechos, atendiendo mi condici\u00f3n de discapacidad, todo el tema estuvo adaptado. Se me explic\u00f3 el procedimiento&#8230;me pareci\u00f3 muy r\u00e1pido porque esto fue el d\u00eda de antier, ayer martes ya estaban haciendo lo propio servicios periciales, estamos esperando que se giren los citatorios&#8221;, se\u00f1al\u00f3.<\/p>\n<p>Adem\u00e1s de la FGE, Miguel \u00c1ngel Hern\u00e1ndez Correa acudi\u00f3 ante el Consejo Nacional para Prevenir la Discriminaci\u00f3n y la Procuradur\u00eda Federal del Consumidor, pues dijo que este tipo de acciones agravian a todas las personas con discapacidad.<\/p>\n<p>&#8220;Este es un caso que se evidenci\u00f3 y que en menos de 15 d\u00edas ya hab\u00edamos tenido otro en Monterrey. Creo en la cultura de la paz, en el di\u00e1logo, pero creo que s\u00ed tiene uno un compromiso tienes que cumplirlo&#8221;, coment\u00f3.<\/p>\n<p>Tras este caso, destac\u00f3 que en instituciones como la FGE ya hay calcoman\u00edas donde se da a conocer que se permite el acceso con perros gu\u00eda a las personas con discapacidad visual.<\/p>\n<p>Finalmente despues de dar a conocer el procedimiento legal en curso, se pronunci\u00f3 en contra de la discriminaci\u00f3n a personas con alguna discapacidad en el transporte p\u00fablico.<\/p>\n","protected":false},"excerpt":{"rendered":"<p>Dar\u00edo Pale Xalapa, Ver.- Ya present\u00f3 una denuncia por discriminaci\u00f3n ante la Fiscal\u00eda General del Estado, en contra del restaurante Chili&#8217;s Xalapa, donde se le neg\u00f3 el consumo y estancia a su perro gu\u00eda, as\u00ed lo inform\u00f3 el abogado Miguel \u00c1ngel Hern\u00e1ndez Correa. En conferencia de prensa Miguel \u00c1ngel Hern\u00e1ndez, quien es activista por los [&hellip;]<\/p>\n","protected":false},"author":2476,"featured_media":62448,"comment_status":"open","ping_status":"open","sticky":false,"template":"","format":"standard","meta":{"_jetpack_memberships_contains_paid_content":false,"footnotes":""},"categories":[3],"tags":[],"class_list":["post-62447","post","type-post","status-publish","format-standard","has-post-thumbnail","hentry","category-xalapa"],"jetpack_featured_media_url":"https:\/\/encuentroinformativo.com.mx\/wp-content\/uploads\/2025\/01\/IMG-20250108-WA0102.jpg","jetpack_sharing_enabled":true,"jetpack_likes_enabled":true,"amp_enabled":true,"_links":{"self":[{"href":"https:\/\/encuentroinformativo.com.mx\/index.php?rest_route=\/wp\/v2\/posts\/62447","targetHints":{"allow":["GET"]}}],"collection":[{"href":"https:\/\/encuentroinformativo.com.mx\/index.php?rest_route=\/wp\/v2\/posts"}],"about":[{"href":"https:\/\/encuentroinformativo.com.mx\/index.php?rest_route=\/wp\/v2\/types\/post"}],"author":[{"embeddable":true,"href":"https:\/\/encuentroinformativo.com.mx\/index.php?rest_route=\/wp\/v2\/users\/2476"}],"replies":[{"embeddable":true,"href":"https:\/\/encuentroinformativo.com.mx\/index.php?rest_route=%2Fwp%2Fv2%2Fcomments&post=62447"}],"version-history":[{"count":1,"href":"https:\/\/encuentroinformativo.com.mx\/index.php?rest_route=\/wp\/v2\/posts\/62447\/revisions"}],"predecessor-version":[{"id":62449,"href":"https:\/\/encuentroinformativo.com.mx\/index.php?rest_route=\/wp\/v2\/posts\/62447\/revisions\/62449"}],"wp:featuredmedia":[{"embeddable":true,"href":"https:\/\/encuentroinformativo.com.mx\/index.php?rest_route=\/wp\/v2\/media\/62448"}],"wp:attachment":[{"href":"https:\/\/encuentroinformativo.com.mx\/index.php?rest_route=%2Fwp%2Fv2%2Fmedia&parent=62447"}],"wp:term":[{"taxonomy":"category","embeddable":true,"href":"https:\/\/encuentroinformativo.com.mx\/index.php?rest_route=%2Fwp%2Fv2%2Fcategories&post=62447"},{"taxonomy":"post_tag","embeddable":true,"href":"https:\/\/encuentroinformativo.com.mx\/index.php?rest_route=%2Fwp%2Fv2%2Ftags&post=62447"}],"curies":[{"name":"wp","href":"https:\/\/api.w.org\/{rel}","templated":true}]}}