{"id":6245,"date":"2020-09-28T09:55:54","date_gmt":"2020-09-28T14:55:54","guid":{"rendered":"https:\/\/encuentroinformativo.com.mx\/?p=6245"},"modified":"2020-09-28T09:29:07","modified_gmt":"2020-09-28T14:29:07","slug":"iba-ricardo-pero-se-cayo-del-caballo","status":"publish","type":"post","link":"https:\/\/encuentroinformativo.com.mx\/?p=6245","title":{"rendered":"IBA RICARDO&#8230; PERO SE CAY\u00d3 DEL CABALLO"},"content":{"rendered":"\n<p><strong>+ AMLO en territorio de Cascarita.<br>+ Quitan cafeter\u00eda de magistrado en el Poder Judicial.<br>+ Alcalde de Veracruz permite pachanga en plena pandemia.<br><br><em>&#8220;No se puede explicar la historia de M\u00e9xico sin Veracruz, sin este puerto&#8221;<br>&#8211;AMLO<\/em><\/strong><\/p>\n\n\n\n<p>Ese 7 de octubre de 2007, se recibi\u00f3 la preocupante llamada en Palacio de Gobierno&#8230;<\/p>\n\n\n\n<p>&#8211;Se acaba de accidentar el subsecretario Ricardo Landa&#8230;<br>&#8211;\u00bfPero c\u00f3mo? \u00bfQu\u00e9 le pas\u00f3?<br>&#8211;Se cay\u00f3 del caballo&#8230;<br>&#8211;\u00a1Aaah! \u00a1No mames! Jajajaja&#8230; O sea, ya no va para el 2010&#8230;<br>&#8211;No es broma, literalmente se cay\u00f3 del caballo; estaba en un lienzo charro en Acayucan.<\/p>\n\n\n\n<p>Ricardo Landa Cano ten\u00eda fama de ser adicto a este deporte muy mexicano; le encantaba la charrer\u00eda, lo que le daba mucha empat\u00eda y carisma entre el pueblo, pues a medio Veracruz le gusta eso de los caballos, tomar Buchanan&#8217;s, o\u00edr corridos, sentirse de rancho&#8230; Ya los m\u00e1s est\u00fapidos se sienten narco-malotes-asesinos y as\u00ed.<\/p>\n\n\n\n<p>&#8211;No chingues&#8230; \u00bfEst\u00e1 grave?<br>&#8211;Se golpe\u00f3 la cabeza y est\u00e1 muy mal.<br>&#8211;Pero \u00bfqu\u00e9 pas\u00f3?<br>&#8211;Pues intent\u00f3 impresionar a la Regina con una suerte, pero pues ya no tiene la edad ni el peso de antes.<br>&#8211;Chingada madre&#8230;<br>&#8211;Para acabarla de contar, el caballo todav\u00eda lo atropell\u00f3.<br>&#8211;Mtaaaa madre&#8230; \u00bfY ora?<br>&#8211;Pos hay que preguntarle al jefe&#8230;<\/p>\n\n\n\n<p>El funcionario colg\u00f3, apesadumbrado: &#8220;Chingao&#8230; Ya valimos madre&#8221;.<\/p>\n\n\n\n<p>Qui\u00e9n dir\u00eda que la historia de Veracruz cambiar\u00eda de manera radical. En ese entonces, y aunque la mayor\u00eda de los veracruzanos, veracruzanas, &#8220;verecrecenes&#8221; no lo supo, el plan del Fidelato para extenderse por seis a\u00f1os m\u00e1s sufrir\u00eda una transformaci\u00f3n dr\u00e1stica.<\/p>\n\n\n\n<p>Hab\u00eda que pensar en un plan alterno. Dentro del Palacio, ya estaba la chamacada tra\u00edda por Fidel en alta con las intrigas, los mensajes v\u00eda columnistas, los chismes, las filtraciones de secretos de estado, etc. Quer\u00eda plantar su bandera esa nueva generaci\u00f3n de pol\u00edticos hechos al vapor, sin vocaci\u00f3n de servicio p\u00fablico, pero con muchas ganas de saquear y hacerse millonarios.<\/p>\n\n\n\n<p>El accidente de Ricardo Landa todav\u00eda les daba m\u00e1s ox\u00edgeno a sus intereses para la sobrevivencia de los siguientes seis a\u00f1os.<\/p>\n\n\n\n<p>Meses antes, un grupo pol\u00edtico en el poder ya ve\u00eda con buenos ojos que se iban cocinando los planes del pr\u00f3ximo sexenio, y Landa Cano era la punta de lanza del proyecto. Cuando fue presidente del PRI estatal, lo hizo con toda la bendici\u00f3n y apoyo del jefe pol\u00edtico; iniciaba una carrera prometedora.<\/p>\n\n\n\n<p>De hecho, en esas elecciones estatales de 2007, con la Coalici\u00f3n &#8220;Alianza Fidelidad por Veracruz&#8221; (s\u00ed, Fidel le pon\u00eda su nombre y color rojo a todo) Ricardo Landa como presidente del CDE del PRI gan\u00f3 155 presidencias municipales y mayor\u00eda del Congreso, con 30 diputados.<\/p>\n\n\n\n<p>Ten\u00eda pr\u00e1cticamente ya toda la estructura definida para el futuro inmediato. Hab\u00eda mucha lana y estaban en la plenitud del pinche poder&#8230; \u00bfQu\u00e9 podr\u00eda cambiarlo todo?<\/p>\n\n\n\n<p>Pues nada, que el famoso &#8220;Gato Modorro&#8221; (un apodo que le puso el gobernador) se fue a la Subsecretar\u00eda de Gobierno para operar la siguiente etapa del plan: la de la conformaci\u00f3n de un cargo p\u00fablico electo para luego brincar a la candidatura a la gubernatura.<\/p>\n\n\n\n<p>Y es que al &#8220;G\u00fcero&#8221; de ojos verdes la vida le estaba sonriendo tanto como la sonrisa coquetona, casi de adolescente, de Regina V\u00e1squez Saut, hija del poderoso cacique ganadero Cirilo V\u00e1squez Lagunes, quien fue asesinado el 19 de noviembre de 2006.<\/p>\n\n\n\n<p>En ese entonces, las hermanas V\u00e1squez Saut luc\u00edan vulnerables y Regina luc\u00eda hermosa: ojos verdes, cabellera larga y casta\u00f1a, piel blanca, cuerpo perfecto.<\/p>\n\n\n\n<p>Regina y Fabiola no se recuperaban todav\u00eda de la p\u00e9rdida sangrienta de su padre, el verdadero poder tras el poder, el que despachaba no s\u00f3lo en el Palacio Municipal de Acayucan, sino en varios Ayuntamientos. Era el que mandaba. Punto.<\/p>\n\n\n\n<p>El asunto con Cirilo era que a sus hijas las ten\u00eda en el PAN y su poder regional ayudaba mucho a ese partido.<\/p>\n\n\n\n<p>No era para menos: ten\u00eda un enorme rencor contra el PRI por haberlo metido otra vez en la c\u00e1rcel, cuando aquella ocasi\u00f3n &#8211;con enga\u00f1os&#8211; fue sacado de su rancho en San Juan Evangelista por falsos polic\u00edas ministeriales, que en realidad eran polic\u00edas estatales al servicio del legendario jefe Alfonso Lara Montero; lo pasearon por helic\u00f3ptero con la puerta abierta y lleg\u00f3 todo asustado, orinado, a Pacho Viejo.<\/p>\n\n\n\n<p>Pero Cirilo ya no estaba y en la regi\u00f3n de Acayucan algunos lo ve\u00edan (lo ven) como un m\u00e1rtir al que le ponen veladoras y le rezan en su estatua.<\/p>\n\n\n\n<p>No se sabe si fue amor a primera vista o hubo un largo cortejo, pero la hermosa Regina y Ricardo finalmente anduvieron y esa relaci\u00f3n tuvo como fruto un hijo. De paso, las hermanas V\u00e1squez mandaron por un tubo al PAN.<\/p>\n\n\n\n<p>Ricardo Landa era un hombre con la suerte m\u00e1s envidiable del mundo en esa \u00e9poca&#8230; y todav\u00eda le faltaba consolidarse como el futuro candidato a gobernador por el PRI.<\/p>\n\n\n\n<p>Muchos dec\u00edan que era una apuesta muy arriesgada; que a Ricardo nadie lo conoc\u00eda, pero lo mismo pas\u00f3 con Javier Duarte y mire: lleg\u00f3 a ser gobernador compitiendo contra dos titanes de la pol\u00edtica veracruzana: Dante Delgado Rannauro y Miguel \u00c1ngel Yunes Linares.<\/p>\n\n\n\n<p>Pero todo se vino abajo cuando la obesa humanidad de Landa Cano se cay\u00f3 del cuaco en el que andaba. Y todo por lucirse ante Regina como charro valiente, sin miedo a la muerte, pero que le cost\u00f3 la carrera pol\u00edtica y le dejaron secuelas que finalmente lo condenaron al olvido.<\/p>\n\n\n\n<p>&#8211;Chingao, \u00bfentonces a qui\u00e9n vamos a poner?<br>&#8211;Pos est\u00e1 el Erick&#8230;<br>&#8211;Nel, ese cabr\u00f3n tiene mucha maldad por dentro; se va a enfermar de tanto poder&#8230;<br>&#8211;Bueno, pues ah\u00ed est\u00e1 Javier.<\/p>\n\n\n\n<p><strong>NOTA PARA EL REFRI:&nbsp;<\/strong>Lo dijo el presidente en territorio de Cascarita: &#8220;Que se preparen nuestros opositores porque no vamos a dar tregua, ni un paso atr\u00e1s, ni siquiera para tomar impulso&#8221;&#8230; M\u00e1s clarito ni el agua&#8230; Otros malpensados dicen que el recado se lo dijo directo a Fernandito, all\u00e1 en el Museo Naval.<\/p>\n\n\n\n<p><strong>OTRA NOTA:&nbsp;<\/strong>Que a uno de los magistrados del Poder Judicial de plano le tuvieron que quitar el negociazo que ten\u00eda con unas cafeter\u00edas al interior de la ciudad judicial, aparte de que es conocido por meter a toda la familia a trabajar en el lugar.&nbsp;<\/p>\n\n\n\n<p><strong>LA \u00daLTIMA PORQUE BEST SUNDAY EVER:\u00a0<\/strong>Lo comenta el portal Versiones: &#8220;Pese a que la pandemia de Covid-19 a\u00fan no ha cedido, de manera irresponsable el alcalde de Veracruz, Fernando Yunes M\u00e1rquez, permite aglomeraciones en los tradicionales portales de esa ciudad. En un video que ha circulado en redes sociales, se observa c\u00f3mo este fin de semana decenas de parroquianos departen en los distintos bares y antros de esa zona. Se observa en el material videogr\u00e1fico que las personas no portan cubrebocas y mucho menos guardan la sana distancia. Incluso, algunos hasta bailan al comp\u00e1s de m\u00fasica de chunchaca. De acuerdo con las autoridades sanitarias, el municipio de Veracruz a\u00fan se encuentra en sem\u00e1foro naranja, por lo que se deber\u00eda restringir el n\u00famero de clientes en ese tipo de establecimientos, adem\u00e1s de que se deber\u00eda exigir el uso de cubrebocas y cuidar que los comensales mantengan la sana distancia para evitar contagios de Covid-19. Y de acuerdo con el m\u00e1s reciente corte de la Secretar\u00eda de Salud, al corte de este domingo 27 de septiembre, el municipio de Veracruz sigue encabezando el n\u00famero de muertes de Covid-19 (942 decesos) y de igual forma ocupa el lugar n\u00famero 1 en cuanto a contagios (7443)&#8221;.<\/p>\n\n\n\n<p><strong>@pablojair<\/strong><\/p>\n","protected":false},"excerpt":{"rendered":"<p>+ AMLO en territorio de Cascarita.+ Quitan cafeter\u00eda de magistrado en el Poder Judicial.+ Alcalde de Veracruz permite pachanga en plena pandemia. &#8220;No se puede explicar la historia de M\u00e9xico sin Veracruz, sin este puerto&#8221;&#8211;AMLO Ese 7 de octubre de 2007, se recibi\u00f3 la preocupante llamada en Palacio de Gobierno&#8230; &#8211;Se acaba de accidentar el [&hellip;]<\/p>\n","protected":false},"author":1,"featured_media":488,"comment_status":"open","ping_status":"open","sticky":false,"template":"","format":"standard","meta":{"_jetpack_memberships_contains_paid_content":false,"footnotes":""},"categories":[11],"tags":[],"class_list":["post-6245","post","type-post","status-publish","format-standard","has-post-thumbnail","hentry","category-opinion"],"jetpack_featured_media_url":"https:\/\/encuentroinformativo.com.mx\/wp-content\/uploads\/2020\/03\/F471F608-BA1A-416B-BA7B-BCFB24F4E6D0.jpeg","jetpack_sharing_enabled":true,"jetpack_likes_enabled":true,"amp_enabled":true,"_links":{"self":[{"href":"https:\/\/encuentroinformativo.com.mx\/index.php?rest_route=\/wp\/v2\/posts\/6245","targetHints":{"allow":["GET"]}}],"collection":[{"href":"https:\/\/encuentroinformativo.com.mx\/index.php?rest_route=\/wp\/v2\/posts"}],"about":[{"href":"https:\/\/encuentroinformativo.com.mx\/index.php?rest_route=\/wp\/v2\/types\/post"}],"author":[{"embeddable":true,"href":"https:\/\/encuentroinformativo.com.mx\/index.php?rest_route=\/wp\/v2\/users\/1"}],"replies":[{"embeddable":true,"href":"https:\/\/encuentroinformativo.com.mx\/index.php?rest_route=%2Fwp%2Fv2%2Fcomments&post=6245"}],"version-history":[{"count":1,"href":"https:\/\/encuentroinformativo.com.mx\/index.php?rest_route=\/wp\/v2\/posts\/6245\/revisions"}],"predecessor-version":[{"id":6246,"href":"https:\/\/encuentroinformativo.com.mx\/index.php?rest_route=\/wp\/v2\/posts\/6245\/revisions\/6246"}],"wp:featuredmedia":[{"embeddable":true,"href":"https:\/\/encuentroinformativo.com.mx\/index.php?rest_route=\/wp\/v2\/media\/488"}],"wp:attachment":[{"href":"https:\/\/encuentroinformativo.com.mx\/index.php?rest_route=%2Fwp%2Fv2%2Fmedia&parent=6245"}],"wp:term":[{"taxonomy":"category","embeddable":true,"href":"https:\/\/encuentroinformativo.com.mx\/index.php?rest_route=%2Fwp%2Fv2%2Fcategories&post=6245"},{"taxonomy":"post_tag","embeddable":true,"href":"https:\/\/encuentroinformativo.com.mx\/index.php?rest_route=%2Fwp%2Fv2%2Ftags&post=6245"}],"curies":[{"name":"wp","href":"https:\/\/api.w.org\/{rel}","templated":true}]}}