{"id":62460,"date":"2025-01-08T16:06:35","date_gmt":"2025-01-08T22:06:35","guid":{"rendered":"https:\/\/encuentroinformativo.com.mx\/?p=62460"},"modified":"2025-01-08T16:06:35","modified_gmt":"2025-01-08T22:06:35","slug":"acusan-despido-injustificado-en-programa-vasconcelos","status":"publish","type":"post","link":"https:\/\/encuentroinformativo.com.mx\/?p=62460","title":{"rendered":"Acusan despido injustificado en Programa Vasconcelos"},"content":{"rendered":"<p><strong>Dar\u00edo Pale\u00a0<\/strong><\/p>\n<p>Xalapa, Ver.- <span style=\"font-size: 1rem;\">Denuncian p\u00fablicamente que fueron despedidos de manera injustificada durante el pasado periodo vacacional de diciembre, as\u00ed lo se\u00f1alaron los trabajadores de la Coordinaci\u00f3n General del programa Vasconcelos, que pertenece a la Secretar\u00eda de Educaci\u00f3n de Veracruz (SEV), por lo que piden di\u00e1logo con autoridades por despido injustificado.<\/span><\/p>\n<div dir=\"auto\"><span style=\"font-size: 1rem;\">En entrevista, Ericka Violeta G\u00f3mez, explic\u00f3 que al reiniciarse las actividades de la dependencia estatal regresaron, pero ya no les permitieron la entrada.<\/span><\/div>\n<div dir=\"auto\"><\/div>\n<div dir=\"auto\">&#8220;Regresamos el d\u00eda 6 de enero de este a\u00f1o y ya no se nos permiti\u00f3 la entrada, ya no pudimos entrar a las instalaciones y la \u00fanica justificaci\u00f3n era que ya se nos hab\u00eda notificado el d\u00eda 27 de diciembre (sobre el despido)&#8221;, se\u00f1al\u00f3.<\/div>\n<div dir=\"auto\"><\/div>\n<div dir=\"auto\">Indic\u00f3 que al regresar de las vacaciones decembrinas iban a checar sus expedientes y que se trata de entre 11 y 13 trabajadores que fueron despedidos, por lo que este d\u00eda buscar\u00edan el acercamiento con las autoridades.<\/div>\n<div dir=\"auto\"><\/div>\n<div dir=\"auto\">Algunos ten\u00edan m\u00e1s de 15 a\u00f1os laborando a trav\u00e9s de contrato, pero lamentablemente no se les dio ninguna justificaci\u00f3n del cese.<\/div>\n<div dir=\"auto\"><\/div>\n<div dir=\"auto\">&#8220;No se nos evalu\u00f3, no se nos dijo el por qu\u00e9, si nosotros tuvimos alguna falta, si cometimos algo. No se nos dijo nada de eso, simplemente nos dijeron ya no eres necesario para la SEV, desde el d\u00eda de ayer nos dijeron eso, que ya no hay relaci\u00f3n laboral&#8221;, indicaron.<\/div>\n<div dir=\"auto\"><\/div>\n<div dir=\"auto\">El programa Vasconcelos busca el acercamiento de las tecnolog\u00edas a los veracruzanos a trav\u00e9s de brigadas que se trasladaban por todos los municipios para la alfabetizaci\u00f3n tecnol\u00f3gica.<\/div>\n<div dir=\"auto\"><\/div>\n<div dir=\"auto\">Los ex empleados se\u00f1alaron que no pertenecen a ning\u00fan sindicato y se encontraban laborando por contrato.<\/div>\n<div dir=\"auto\"><\/div>\n<div dir=\"auto\">Finalmente uno de los afectados coment\u00f3 que padece c\u00e1ncer de p\u00e1ncreas y contaba con seguridad social para recibir consultas y apoyo m\u00e9dico, por lo que ahora se encuentra desamparado, as\u00ed como su familia.<\/div>\n<div dir=\"auto\"><\/div>\n","protected":false},"excerpt":{"rendered":"<p>Dar\u00edo Pale\u00a0 Xalapa, Ver.- Denuncian p\u00fablicamente que fueron despedidos de manera injustificada durante el pasado periodo vacacional de diciembre, as\u00ed lo se\u00f1alaron los trabajadores de la Coordinaci\u00f3n General del programa Vasconcelos, que pertenece a la Secretar\u00eda de Educaci\u00f3n de Veracruz (SEV), por lo que piden di\u00e1logo con autoridades por despido injustificado. En entrevista, Ericka Violeta [&hellip;]<\/p>\n","protected":false},"author":2476,"featured_media":62462,"comment_status":"open","ping_status":"open","sticky":false,"template":"","format":"standard","meta":{"_jetpack_memberships_contains_paid_content":false,"footnotes":""},"categories":[3],"tags":[],"class_list":["post-62460","post","type-post","status-publish","format-standard","has-post-thumbnail","hentry","category-xalapa"],"jetpack_featured_media_url":"https:\/\/encuentroinformativo.com.mx\/wp-content\/uploads\/2025\/01\/IMG-20250108-WA02082.jpg","jetpack_sharing_enabled":true,"jetpack_likes_enabled":true,"amp_enabled":true,"_links":{"self":[{"href":"https:\/\/encuentroinformativo.com.mx\/index.php?rest_route=\/wp\/v2\/posts\/62460","targetHints":{"allow":["GET"]}}],"collection":[{"href":"https:\/\/encuentroinformativo.com.mx\/index.php?rest_route=\/wp\/v2\/posts"}],"about":[{"href":"https:\/\/encuentroinformativo.com.mx\/index.php?rest_route=\/wp\/v2\/types\/post"}],"author":[{"embeddable":true,"href":"https:\/\/encuentroinformativo.com.mx\/index.php?rest_route=\/wp\/v2\/users\/2476"}],"replies":[{"embeddable":true,"href":"https:\/\/encuentroinformativo.com.mx\/index.php?rest_route=%2Fwp%2Fv2%2Fcomments&post=62460"}],"version-history":[{"count":1,"href":"https:\/\/encuentroinformativo.com.mx\/index.php?rest_route=\/wp\/v2\/posts\/62460\/revisions"}],"predecessor-version":[{"id":62463,"href":"https:\/\/encuentroinformativo.com.mx\/index.php?rest_route=\/wp\/v2\/posts\/62460\/revisions\/62463"}],"wp:featuredmedia":[{"embeddable":true,"href":"https:\/\/encuentroinformativo.com.mx\/index.php?rest_route=\/wp\/v2\/media\/62462"}],"wp:attachment":[{"href":"https:\/\/encuentroinformativo.com.mx\/index.php?rest_route=%2Fwp%2Fv2%2Fmedia&parent=62460"}],"wp:term":[{"taxonomy":"category","embeddable":true,"href":"https:\/\/encuentroinformativo.com.mx\/index.php?rest_route=%2Fwp%2Fv2%2Fcategories&post=62460"},{"taxonomy":"post_tag","embeddable":true,"href":"https:\/\/encuentroinformativo.com.mx\/index.php?rest_route=%2Fwp%2Fv2%2Ftags&post=62460"}],"curies":[{"name":"wp","href":"https:\/\/api.w.org\/{rel}","templated":true}]}}