{"id":62464,"date":"2025-01-08T16:14:32","date_gmt":"2025-01-08T22:14:32","guid":{"rendered":"https:\/\/encuentroinformativo.com.mx\/?p=62464"},"modified":"2025-01-08T16:14:32","modified_gmt":"2025-01-08T22:14:32","slug":"confirma-fiscalia-homicidio-de-director-de-gobernacion-de-mendoza","status":"publish","type":"post","link":"https:\/\/encuentroinformativo.com.mx\/?p=62464","title":{"rendered":"Confirma Fiscal\u00eda homicidio de director de Gobernaci\u00f3n de Mendoza"},"content":{"rendered":"<p><strong style=\"font-size: 1rem;\">Dar\u00edo Pale<\/strong><\/p>\n<p>Xalapa, Ver.- Esta ma\u00f1ana fue asesinado el Director de gobernaci\u00f3n del ayuntamiento de Camerino Z. Mendoza y se dice que tambi\u00e9n otra persona la cual al parecer era su esposa, esto en el poblado Potrerillo 3 perteneciente al municipio de Ixtaczoquitl\u00e1n.<\/p>\n<p>Por lo que los elementos de la polic\u00eda municipal y estatal implementaron un operativo para dar con los responsables de haber disparado en contra de ellos quienes viajaban a bordo de una camioneta Pick Up color blanca.<\/p>\n<p>Mediante un comunicado la Fiscal\u00eda General del Estado (FGE), confirm\u00f3 el asesinato de quien fuera el director de gobernacion del municipio de Camerino Z. Mendoza.<\/p>\n<p>Por lo que inform\u00f3 la FGE que, a trav\u00e9s de la Fiscal\u00eda Regional de la zona Centro C\u00f3rdoba, que se ha iniciado una carpeta de investigaci\u00f3n por el homicidio de M.A.G.S., quien se desempe\u00f1aba como Director de Gobernaci\u00f3n del municipio de Camerino Z. Mendoza.<\/p>\n<p>Los hechos ocurrieron en la calle Norte 6, en la unidad habitacional Potrerillo III, en el municipio de Ixtaczoquitl\u00e1n, donde la v\u00edctima perdi\u00f3 la vida a causa de un proyectil de arma de fuego.<\/p>\n<p>Actualmente, fiscales, peritos y polic\u00edas ministeriales est\u00e1n realizando las diligencias correspondientes para esclarecer el caso, identificar a los responsables y asegurar que se haga justicia.<\/p>\n<p>Por \u00faltimo la Fiscal General del Estado ha reiterado que no habr\u00e1 impunidad en este caso.<\/p>\n<p><img loading=\"lazy\" decoding=\"async\" class=\"alignnone size-medium wp-image-62465\" src=\"https:\/\/encuentroinformativo.com.mx\/wp-content\/uploads\/2025\/01\/IMG-20250108-WA0198-189x300.jpg\" alt=\"\" width=\"189\" height=\"300\" srcset=\"https:\/\/encuentroinformativo.com.mx\/wp-content\/uploads\/2025\/01\/IMG-20250108-WA0198-189x300.jpg 189w, https:\/\/encuentroinformativo.com.mx\/wp-content\/uploads\/2025\/01\/IMG-20250108-WA0198-646x1024.jpg 646w, https:\/\/encuentroinformativo.com.mx\/wp-content\/uploads\/2025\/01\/IMG-20250108-WA0198-768x1218.jpg 768w, https:\/\/encuentroinformativo.com.mx\/wp-content\/uploads\/2025\/01\/IMG-20250108-WA0198-968x1536.jpg 968w, https:\/\/encuentroinformativo.com.mx\/wp-content\/uploads\/2025\/01\/IMG-20250108-WA0198.jpg 1080w\" sizes=\"auto, (max-width: 189px) 100vw, 189px\" \/><\/p>\n","protected":false},"excerpt":{"rendered":"<p>Dar\u00edo Pale Xalapa, Ver.- Esta ma\u00f1ana fue asesinado el Director de gobernaci\u00f3n del ayuntamiento de Camerino Z. Mendoza y se dice que tambi\u00e9n otra persona la cual al parecer era su esposa, esto en el poblado Potrerillo 3 perteneciente al municipio de Ixtaczoquitl\u00e1n. Por lo que los elementos de la polic\u00eda municipal y estatal implementaron [&hellip;]<\/p>\n","protected":false},"author":2476,"featured_media":62466,"comment_status":"open","ping_status":"open","sticky":false,"template":"","format":"standard","meta":{"_jetpack_memberships_contains_paid_content":false,"footnotes":""},"categories":[2],"tags":[],"class_list":["post-62464","post","type-post","status-publish","format-standard","has-post-thumbnail","hentry","category-estado"],"jetpack_featured_media_url":"https:\/\/encuentroinformativo.com.mx\/wp-content\/uploads\/2025\/01\/IMG-20250108-WA0197.jpg","jetpack_sharing_enabled":true,"jetpack_likes_enabled":true,"amp_enabled":true,"_links":{"self":[{"href":"https:\/\/encuentroinformativo.com.mx\/index.php?rest_route=\/wp\/v2\/posts\/62464","targetHints":{"allow":["GET"]}}],"collection":[{"href":"https:\/\/encuentroinformativo.com.mx\/index.php?rest_route=\/wp\/v2\/posts"}],"about":[{"href":"https:\/\/encuentroinformativo.com.mx\/index.php?rest_route=\/wp\/v2\/types\/post"}],"author":[{"embeddable":true,"href":"https:\/\/encuentroinformativo.com.mx\/index.php?rest_route=\/wp\/v2\/users\/2476"}],"replies":[{"embeddable":true,"href":"https:\/\/encuentroinformativo.com.mx\/index.php?rest_route=%2Fwp%2Fv2%2Fcomments&post=62464"}],"version-history":[{"count":1,"href":"https:\/\/encuentroinformativo.com.mx\/index.php?rest_route=\/wp\/v2\/posts\/62464\/revisions"}],"predecessor-version":[{"id":62467,"href":"https:\/\/encuentroinformativo.com.mx\/index.php?rest_route=\/wp\/v2\/posts\/62464\/revisions\/62467"}],"wp:featuredmedia":[{"embeddable":true,"href":"https:\/\/encuentroinformativo.com.mx\/index.php?rest_route=\/wp\/v2\/media\/62466"}],"wp:attachment":[{"href":"https:\/\/encuentroinformativo.com.mx\/index.php?rest_route=%2Fwp%2Fv2%2Fmedia&parent=62464"}],"wp:term":[{"taxonomy":"category","embeddable":true,"href":"https:\/\/encuentroinformativo.com.mx\/index.php?rest_route=%2Fwp%2Fv2%2Fcategories&post=62464"},{"taxonomy":"post_tag","embeddable":true,"href":"https:\/\/encuentroinformativo.com.mx\/index.php?rest_route=%2Fwp%2Fv2%2Ftags&post=62464"}],"curies":[{"name":"wp","href":"https:\/\/api.w.org\/{rel}","templated":true}]}}