{"id":6247,"date":"2020-09-28T11:19:07","date_gmt":"2020-09-28T16:19:07","guid":{"rendered":"https:\/\/encuentroinformativo.com.mx\/?p=6247"},"modified":"2020-09-28T11:19:10","modified_gmt":"2020-09-28T16:19:10","slug":"participa-carlos-jimenez-en-reunion-de-seguridad","status":"publish","type":"post","link":"https:\/\/encuentroinformativo.com.mx\/?p=6247","title":{"rendered":"Participa Carlos Jim\u00e9nez en reuni\u00f3n de seguridad"},"content":{"rendered":"\n<p>Xalapa, Ver.- Como presidente de la Comisi\u00f3n Permanente de Seguridad P\u00fablica del Congreso del Estado de Veracruz e invitado por el presidente de la mesa directiva de la LXV legislatura veracruzana, Diputado Rub\u00e9n R\u00edos Uribe, acudi\u00f3 en representaci\u00f3n del Poder Legislativo.<\/p>\n\n\n\n<p>En dicha reuni\u00f3n, presidida por el gobernador Ing. Cuitl\u00e1huac Garc\u00eda Jim\u00e9nez, junto con el titular del \u00e1rea, Hugo Guti\u00e9rrez Maldonado, se expusieron los avances que, en esa materia, se est\u00e1n dando en la entidad.<\/p>\n\n\n\n<p>Destacando el informe de resultados de los trabajos legislativos, la reducci\u00f3n en la incidencia delictiva, as\u00ed como los avances en la certificaci\u00f3n y profesionalizaci\u00f3n de los cuerpos policiales de Veracruz.<\/p>\n\n\n\n<p>De acuerdo a lo expuesto por los integrantes del Consejo, se ha disminuido, significativamente, el \u00edndice de delitos para el periodo Enero \u2013 Agosto de 2020, en comparaci\u00f3n con el mismo periodo del a\u00f1o 2019.<\/p>\n\n\n\n<p>Adem\u00e1s de que se est\u00e1 invirtiendo en tecnolog\u00edas para las diferentes polic\u00edas que participan en La Construcci\u00f3n de la Paz; la capacitaci\u00f3n fue uno de los puntos m\u00e1s destacados as\u00ed como el de las herramientas para el buen desempe\u00f1o de sus funciones, para responder al llamado de la ciudadan\u00eda.<\/p>\n\n\n\n<p>Como presidente de la Comisi\u00f3n Permanente de Seguridad P\u00fablica, Jim\u00e9nez D\u00edaz se mantiene en comunicaci\u00f3n constante con el titular de la Secretar\u00eda de Seguridad P\u00fablica (SSP), Hugo Guti\u00e9rrez Maldonado, mismo que ha mostrado gran disposici\u00f3n para recibir a los alcaldes que, por mediaci\u00f3n del legislador misanteco, han buscado el puente con la SSP.<\/p>\n","protected":false},"excerpt":{"rendered":"<p>Xalapa, Ver.- Como presidente de la Comisi\u00f3n Permanente de Seguridad P\u00fablica del Congreso del Estado de Veracruz e invitado por el presidente de la mesa directiva de la LXV legislatura veracruzana, Diputado Rub\u00e9n R\u00edos Uribe, acudi\u00f3 en representaci\u00f3n del Poder Legislativo. En dicha reuni\u00f3n, presidida por el gobernador Ing. Cuitl\u00e1huac Garc\u00eda Jim\u00e9nez, junto con el [&hellip;]<\/p>\n","protected":false},"author":1,"featured_media":6248,"comment_status":"open","ping_status":"open","sticky":false,"template":"","format":"standard","meta":{"_jetpack_memberships_contains_paid_content":false,"footnotes":""},"categories":[2],"tags":[],"class_list":["post-6247","post","type-post","status-publish","format-standard","has-post-thumbnail","hentry","category-estado"],"jetpack_featured_media_url":"https:\/\/encuentroinformativo.com.mx\/wp-content\/uploads\/2020\/09\/82EEEAA1-0466-4C57-A726-BBB23B185F77.jpeg","jetpack_sharing_enabled":true,"jetpack_likes_enabled":true,"amp_enabled":true,"_links":{"self":[{"href":"https:\/\/encuentroinformativo.com.mx\/index.php?rest_route=\/wp\/v2\/posts\/6247","targetHints":{"allow":["GET"]}}],"collection":[{"href":"https:\/\/encuentroinformativo.com.mx\/index.php?rest_route=\/wp\/v2\/posts"}],"about":[{"href":"https:\/\/encuentroinformativo.com.mx\/index.php?rest_route=\/wp\/v2\/types\/post"}],"author":[{"embeddable":true,"href":"https:\/\/encuentroinformativo.com.mx\/index.php?rest_route=\/wp\/v2\/users\/1"}],"replies":[{"embeddable":true,"href":"https:\/\/encuentroinformativo.com.mx\/index.php?rest_route=%2Fwp%2Fv2%2Fcomments&post=6247"}],"version-history":[{"count":1,"href":"https:\/\/encuentroinformativo.com.mx\/index.php?rest_route=\/wp\/v2\/posts\/6247\/revisions"}],"predecessor-version":[{"id":6249,"href":"https:\/\/encuentroinformativo.com.mx\/index.php?rest_route=\/wp\/v2\/posts\/6247\/revisions\/6249"}],"wp:featuredmedia":[{"embeddable":true,"href":"https:\/\/encuentroinformativo.com.mx\/index.php?rest_route=\/wp\/v2\/media\/6248"}],"wp:attachment":[{"href":"https:\/\/encuentroinformativo.com.mx\/index.php?rest_route=%2Fwp%2Fv2%2Fmedia&parent=6247"}],"wp:term":[{"taxonomy":"category","embeddable":true,"href":"https:\/\/encuentroinformativo.com.mx\/index.php?rest_route=%2Fwp%2Fv2%2Fcategories&post=6247"},{"taxonomy":"post_tag","embeddable":true,"href":"https:\/\/encuentroinformativo.com.mx\/index.php?rest_route=%2Fwp%2Fv2%2Ftags&post=6247"}],"curies":[{"name":"wp","href":"https:\/\/api.w.org\/{rel}","templated":true}]}}