{"id":62474,"date":"2025-01-08T23:25:10","date_gmt":"2025-01-09T05:25:10","guid":{"rendered":"https:\/\/encuentroinformativo.com.mx\/?p=62474"},"modified":"2025-01-08T23:25:10","modified_gmt":"2025-01-09T05:25:10","slug":"da-entrada-congreso-a-iniciativa-que-reformaria-el-articulo-5-de-la-constitucion","status":"publish","type":"post","link":"https:\/\/encuentroinformativo.com.mx\/?p=62474","title":{"rendered":"Da entrada Congreso a iniciativa que reformar\u00eda el Art\u00edculo 5 de la Constituci\u00f3n"},"content":{"rendered":"<p><strong>* Propone la gobernadora de Veracruz, ingeniera Roc\u00edo Nahle Garc\u00eda, armonizar el citado Art\u00edculo con lo aprobado a nivel federal.<\/strong><\/p>\n<p style=\"font-weight: 400;\">Xalapa, Ver.- La presidencia de la Mesa Directiva de la LXVII Legislatura instruy\u00f3 remitir a las Comisiones Permanentes Unidas de Justicia y Puntos Constitucionales y de Asuntos Ind\u00edgenas y de las Comunidades Afrodescendientes, la iniciativa con proyecto de decreto que reforma el Art\u00edculo 5 de la Constituci\u00f3n Pol\u00edtica del Estado, presentada a esta Soberan\u00eda por la gobernadora de Veracruz, ingeniera Roc\u00edo Nahle Garc\u00eda.<\/p>\n<p style=\"font-weight: 400;\"><span style=\"font-size: 1rem;\">La iniciativa de la mandataria estatal busca adecuar el texto constitucional local con lo aprobado a nivel federal, con la finalidad de ampliar conceptos fundamentales y dar m\u00e1xima fidelidad a la citada armonizaci\u00f3n.<\/span><\/p>\n<p style=\"font-weight: 400;\"><span style=\"font-size: 1rem;\">Entre otras disposiciones, la nueva redacci\u00f3n del Art\u00edculo 5 constitucional prev\u00e9 precisar que el Estado de Veracruz forma parte de la Naci\u00f3n Mexicana, con asiento en la grandeza de los pueblos y culturas que viven y habitan en su territorio.<\/span><\/p>\n<p style=\"font-weight: 400;\"><span style=\"font-size: 1rem;\">El estado tiene una composici\u00f3n pluricultural y multi\u00e9tnica sustentada originalmente en sus pueblos ind\u00edgenas, en su calidad de colectividades con una continuidad hist\u00f3rica de las sociedades precoloniales establecidas en su territorio; y que conservan, desarrollan y transmiten sus instituciones sociales, normativas, econ\u00f3micas, culturales y pol\u00edticas, o parte de ellas.<\/span><\/p>\n<p style=\"font-weight: 400;\"><span style=\"font-size: 1rem;\">La conciencia de su identidad ind\u00edgena deber\u00e1 ser criterio fundamental para determinar a qui\u00e9nes se aplican las disposiciones sobre pueblos ind\u00edgenas. Son comunidades integrantes de un pueblo ind\u00edgena, aquellas que forman una unidad social, econ\u00f3mica y cultural, asentadas en un territorio y que reconocen autoridades propias de acuerdo con sus sistemas normativos.<\/span><\/p>\n<p style=\"font-weight: 400;\"><span style=\"font-size: 1rem;\">El derecho de los pueblos ind\u00edgenas a la libre determinaci\u00f3n se ejercer\u00e1 en un marco constitucional de autonom\u00eda que asegure la unidad nacional. Para el reconocimiento de los pueblos y comunidades ind\u00edgenas se deben tomar en cuenta, adem\u00e1s de los principios generales establecidos en los p\u00e1rrafos anteriores de este art\u00edculo, criterios etnoling\u00fc\u00edsticos, de asentamiento f\u00edsico y de autoadscripci\u00f3n.<\/span><\/p>\n<p style=\"font-weight: 400;\"><span style=\"font-size: 1rem;\">Se reconoce a los pueblos y comunidades ind\u00edgenas como sujetos de derecho p\u00fablico con personalidad jur\u00eddica y patrimonio propio.<\/span><\/p>\n<p style=\"font-weight: 400;\"><span style=\"font-size: 1rem;\">El estado y los municipios de la entidad, deber\u00e1n establecer las instituciones y determinar las pol\u00edticas p\u00fablicas que garanticen el ejercicio efectivo de los derechos de los pueblos ind\u00edgenas y su desarrollo integral, intercultural y sostenible, las cuales deben ser dise\u00f1adas y operadas conjuntamente con ellos.<\/span><\/p>\n<p style=\"font-weight: 400;\"><span style=\"font-size: 1rem;\">Se reconoce y garantiza el derecho de la ni\u00f1ez, adolescencia y juventud ind\u00edgena y afromexicana a una atenci\u00f3n adecuada, en sus propias lenguas, para hacer efectivo el conocimiento y ejercicio pleno de sus derechos de acceso a la educaci\u00f3n, a la salud, a la tecnolog\u00eda, al arte, la cultura, el deporte y la capacitaci\u00f3n para el trabajo, entre otros.<\/span><\/p>\n<p style=\"font-weight: 400;\"><span style=\"font-size: 1rem;\">Asimismo, para garantizar una vida libre de exclusi\u00f3n, discriminaci\u00f3n y violencia, en especial de la violencia sexual y de g\u00e9nero, y para establecer pol\u00edticas dirigidas a prevenir y atender las adicciones, con visi\u00f3n de respeto a sus identidades culturales.<\/span><\/p>\n<p style=\"font-weight: 400;\"><span style=\"font-size: 1rem;\">El estado y los municipios de la entidad adoptar\u00e1n las medidas necesarias para hacer efectivos los derechos reconocidos en la Constituci\u00f3n Federal y esta Constituci\u00f3n con el prop\u00f3sito de eliminar la discriminaci\u00f3n, racismo, exclusi\u00f3n e invisibilidad de las que sean objeto los pueblos y comunidades ind\u00edgenas y afromexicanas.<\/span><\/p>\n<p style=\"font-weight: 400;\"><span style=\"font-size: 1rem;\">Lo anterior, de conformidad con la ley general que establezca las normas y mecanismos que aseguren el respeto y la implementaci\u00f3n de los derechos de los pueblos y comunidades ind\u00edgenas y afromexicanas reconocidos en la Constituci\u00f3n Federal y esta Constituci\u00f3n.<\/span><\/p>\n<p style=\"font-weight: 400;\"><span style=\"font-size: 1rem;\">Las leyes del estado y todos los dem\u00e1s ordenamientos de cualquier jerarqu\u00eda normativa, que se expidan en el orden estatal y municipal, prevendr\u00e1n las bases y mecanismos para asegurar la efectiva observancia de todo lo dispuesto en el presente art\u00edculo, en los respectivos \u00e1mbitos de competencia de las autoridades estatales y municipales, y de conformidad con lo dispuesto por la Constituci\u00f3n Federal, esta Constituci\u00f3n, y las leyes aplicables que de una y otra deriven.<\/span><\/p>\n","protected":false},"excerpt":{"rendered":"<p>* Propone la gobernadora de Veracruz, ingeniera Roc\u00edo Nahle Garc\u00eda, armonizar el citado Art\u00edculo con lo aprobado a nivel federal. Xalapa, Ver.- La presidencia de la Mesa Directiva de la LXVII Legislatura instruy\u00f3 remitir a las Comisiones Permanentes Unidas de Justicia y Puntos Constitucionales y de Asuntos Ind\u00edgenas y de las Comunidades Afrodescendientes, la iniciativa [&hellip;]<\/p>\n","protected":false},"author":2476,"featured_media":62475,"comment_status":"open","ping_status":"open","sticky":false,"template":"","format":"standard","meta":{"_jetpack_memberships_contains_paid_content":false,"footnotes":""},"categories":[2],"tags":[],"class_list":["post-62474","post","type-post","status-publish","format-standard","has-post-thumbnail","hentry","category-estado"],"jetpack_featured_media_url":"https:\/\/encuentroinformativo.com.mx\/wp-content\/uploads\/2025\/01\/NOV08ENE2025ART5-2.jpeg","jetpack_sharing_enabled":true,"jetpack_likes_enabled":true,"amp_enabled":true,"_links":{"self":[{"href":"https:\/\/encuentroinformativo.com.mx\/index.php?rest_route=\/wp\/v2\/posts\/62474","targetHints":{"allow":["GET"]}}],"collection":[{"href":"https:\/\/encuentroinformativo.com.mx\/index.php?rest_route=\/wp\/v2\/posts"}],"about":[{"href":"https:\/\/encuentroinformativo.com.mx\/index.php?rest_route=\/wp\/v2\/types\/post"}],"author":[{"embeddable":true,"href":"https:\/\/encuentroinformativo.com.mx\/index.php?rest_route=\/wp\/v2\/users\/2476"}],"replies":[{"embeddable":true,"href":"https:\/\/encuentroinformativo.com.mx\/index.php?rest_route=%2Fwp%2Fv2%2Fcomments&post=62474"}],"version-history":[{"count":1,"href":"https:\/\/encuentroinformativo.com.mx\/index.php?rest_route=\/wp\/v2\/posts\/62474\/revisions"}],"predecessor-version":[{"id":62476,"href":"https:\/\/encuentroinformativo.com.mx\/index.php?rest_route=\/wp\/v2\/posts\/62474\/revisions\/62476"}],"wp:featuredmedia":[{"embeddable":true,"href":"https:\/\/encuentroinformativo.com.mx\/index.php?rest_route=\/wp\/v2\/media\/62475"}],"wp:attachment":[{"href":"https:\/\/encuentroinformativo.com.mx\/index.php?rest_route=%2Fwp%2Fv2%2Fmedia&parent=62474"}],"wp:term":[{"taxonomy":"category","embeddable":true,"href":"https:\/\/encuentroinformativo.com.mx\/index.php?rest_route=%2Fwp%2Fv2%2Fcategories&post=62474"},{"taxonomy":"post_tag","embeddable":true,"href":"https:\/\/encuentroinformativo.com.mx\/index.php?rest_route=%2Fwp%2Fv2%2Ftags&post=62474"}],"curies":[{"name":"wp","href":"https:\/\/api.w.org\/{rel}","templated":true}]}}