{"id":62484,"date":"2025-01-09T09:27:05","date_gmt":"2025-01-09T15:27:05","guid":{"rendered":"https:\/\/encuentroinformativo.com.mx\/?p=62484"},"modified":"2025-01-09T09:27:05","modified_gmt":"2025-01-09T15:27:05","slug":"la-gorda","status":"publish","type":"post","link":"https:\/\/encuentroinformativo.com.mx\/?p=62484","title":{"rendered":"LA GORDA"},"content":{"rendered":"<p dir=\"ltr\"><strong>Los Pol\u00edticos<\/strong><\/p>\n<p dir=\"ltr\"><strong>Salvador Mu\u00f1oz<\/strong><\/p>\n<p dir=\"ltr\">El t\u00edo Abel paseaba a esa nena en brazos por toda la playa, de un lado a otro, hasta que agotado, y no precisamente por el calor, la llev\u00f3 a su madre dici\u00e9ndole, palabras m\u00e1s, palabras menos: \u201c\u00a1Ten! \u00a1Pesa mucho esta Gorda!\u201d Y de ah\u00ed en adelante, sin querer queriendo, se le qued\u00f3 ese apodo: La Gorda.<\/p>\n<p dir=\"ltr\">A Bertha Ahued Malpica no le incomoda en lo m\u00ednimo que le digan Gorda\u2026 aunque confiesa que nunca ha estado pasada de kilitos\u2026 a lo mejor s\u00ed cuando estuvo en Monterrey, pero sabe que la expresi\u00f3n es s\u00f3lo cari\u00f1o, afecto, camarader\u00eda.<\/p>\n<p dir=\"ltr\">Al fin coste\u00f1a, no tiene pelos en la lengua\u2026 sonr\u00ede a la m\u00ednima provocaci\u00f3n\u2026 es efusiva en el abrazo, el apapacho, y no se reprime para desde la curul, lanzar un beso a quien le simpatiza, a quien le guarda afecto, a quien simplemente le cae bien\u2026<\/p>\n<p dir=\"ltr\">Es la diputada que cada vez que pasa por la sala de prensa del Congreso local, se para en la puerta y lanza un saludo, un buenos d\u00edas, buenas tardes, c\u00f3mo est\u00e1n\u2026<\/p>\n<p dir=\"ltr\">Platicamos en los corrillos de Palacio de Encanto\u2026 hace algunos a\u00f1os coincidimos en la casa de una amiga en com\u00fan: Zayda Llad\u00f3. Lo recuerda como a la vez recuerda a Brenda, la mujer.<\/p>\n<p dir=\"ltr\">Le cuento que una ocasi\u00f3n, cuando publicamos una nota de ella con el encabezado de La Gorda, algunos internautas se nos fueron encima porque cre\u00edan que la insult\u00e1bamos\u2026 ella cuenta que luego de haber ganado la curul, el peri\u00f3dico Notiver igual utiliz\u00f3 ese mote en alg\u00fan encabezado y estando en un restaurante, escuch\u00f3 a un lector indignado por ese \u201cGorda\u201d, por lo que tuvo que levantarse, presentarse, y explicarle que as\u00ed le dec\u00edan, que no hab\u00eda ning\u00fan problema.<\/p>\n<p dir=\"ltr\">Y algo muy curioso\u2026 para su campa\u00f1a como candidata a Diputada, no utiliz\u00f3 ese mote aun cuando hab\u00eda personas que le dec\u00edan que lo usara, como para estar m\u00e1s cerca de la gente\u2026 ah\u00ed ella opt\u00f3 por su nombre: Bertha Ahued Malpica\u2026 \u00bfY la Gorda? Lo dej\u00f3 para la familia, para los amigos\u2026 aunque si la gente le quiere decir as\u00ed, est\u00e1 bien, pero quiso darle de cierto modo, formalidad a su campa\u00f1a\u2026 s\u00ed, es relajienta, alegre, pero tambi\u00e9n entiende la seriedad del cargo, la responsabilidad del cargo, y sobre todo, el compromiso con la gente.<\/p>\n<p dir=\"ltr\">Se apunt\u00f3 en pos de la candidatura por Boca del R\u00edo\u2026 se le cuenta que no va sola\u2026 que va tambi\u00e9n Rodolfo M\u00e1rquez\u2026 \u201c\u00a1Un buen muchacho!\u201d, expresa con afecto al empresario\u2026<\/p>\n<p dir=\"ltr\">Igual habla de forma tersa de Pep\u00edn Ruiz, su vecino de a\u00f1os\u2026 y ahora vecino de curul\u2026<\/p>\n<p dir=\"ltr\">Entiende la responsabilidad que implica competir por ese cargo, como tambi\u00e9n lo entendi\u00f3 cuando lo hizo por la curul donde por cierto, no niega lo a gusto que est\u00e1 en esa encomienda que m\u00e1s de 30 mil votos de diferencia sobre su opositor el pueblo le dio\u2026 y me despido de la diputada, de la aspirante a candidata, de Bertha, de la Gorda,\u00a0 que un d\u00eda, agot\u00f3 los brazos del t\u00edo Abel mientras la paseaba en la playa.<\/p>\n","protected":false},"excerpt":{"rendered":"<p>Los Pol\u00edticos Salvador Mu\u00f1oz El t\u00edo Abel paseaba a esa nena en brazos por toda la playa, de un lado a otro, hasta que agotado, y no precisamente por el calor, la llev\u00f3 a su madre dici\u00e9ndole, palabras m\u00e1s, palabras menos: \u201c\u00a1Ten! \u00a1Pesa mucho esta Gorda!\u201d Y de ah\u00ed en adelante, sin querer queriendo, se [&hellip;]<\/p>\n","protected":false},"author":2476,"featured_media":387,"comment_status":"open","ping_status":"open","sticky":false,"template":"","format":"standard","meta":{"_jetpack_memberships_contains_paid_content":false,"footnotes":""},"categories":[11],"tags":[],"class_list":["post-62484","post","type-post","status-publish","format-standard","has-post-thumbnail","hentry","category-opinion"],"jetpack_featured_media_url":"https:\/\/encuentroinformativo.com.mx\/wp-content\/uploads\/2020\/03\/7CF8A22B-2764-47BE-8F7F-38FE9E5D6A2F.jpeg","jetpack_sharing_enabled":true,"jetpack_likes_enabled":true,"amp_enabled":true,"_links":{"self":[{"href":"https:\/\/encuentroinformativo.com.mx\/index.php?rest_route=\/wp\/v2\/posts\/62484","targetHints":{"allow":["GET"]}}],"collection":[{"href":"https:\/\/encuentroinformativo.com.mx\/index.php?rest_route=\/wp\/v2\/posts"}],"about":[{"href":"https:\/\/encuentroinformativo.com.mx\/index.php?rest_route=\/wp\/v2\/types\/post"}],"author":[{"embeddable":true,"href":"https:\/\/encuentroinformativo.com.mx\/index.php?rest_route=\/wp\/v2\/users\/2476"}],"replies":[{"embeddable":true,"href":"https:\/\/encuentroinformativo.com.mx\/index.php?rest_route=%2Fwp%2Fv2%2Fcomments&post=62484"}],"version-history":[{"count":1,"href":"https:\/\/encuentroinformativo.com.mx\/index.php?rest_route=\/wp\/v2\/posts\/62484\/revisions"}],"predecessor-version":[{"id":62485,"href":"https:\/\/encuentroinformativo.com.mx\/index.php?rest_route=\/wp\/v2\/posts\/62484\/revisions\/62485"}],"wp:featuredmedia":[{"embeddable":true,"href":"https:\/\/encuentroinformativo.com.mx\/index.php?rest_route=\/wp\/v2\/media\/387"}],"wp:attachment":[{"href":"https:\/\/encuentroinformativo.com.mx\/index.php?rest_route=%2Fwp%2Fv2%2Fmedia&parent=62484"}],"wp:term":[{"taxonomy":"category","embeddable":true,"href":"https:\/\/encuentroinformativo.com.mx\/index.php?rest_route=%2Fwp%2Fv2%2Fcategories&post=62484"},{"taxonomy":"post_tag","embeddable":true,"href":"https:\/\/encuentroinformativo.com.mx\/index.php?rest_route=%2Fwp%2Fv2%2Ftags&post=62484"}],"curies":[{"name":"wp","href":"https:\/\/api.w.org\/{rel}","templated":true}]}}