{"id":62489,"date":"2025-01-09T13:05:54","date_gmt":"2025-01-09T19:05:54","guid":{"rendered":"https:\/\/encuentroinformativo.com.mx\/?p=62489"},"modified":"2025-01-09T13:05:54","modified_gmt":"2025-01-09T19:05:54","slug":"vecinos-denuncian-robos-con-violencia-en-colonia-ninos-heroes","status":"publish","type":"post","link":"https:\/\/encuentroinformativo.com.mx\/?p=62489","title":{"rendered":"Vecinos denuncian robos con violencia en colonia Ni\u00f1os H\u00e9roes"},"content":{"rendered":"<p><strong><span style=\"font-size: 1rem;\">Dar\u00edo Pale<\/span><\/strong><\/p>\n<p>Xalapa, Ver.- Se manifestaron en la plaza Lerdo para denunciar los robos y asaltos con violencia de los que son v\u00edctimas en dicha zona, as\u00ed lo denunciaron los habitantes de la colonia Ni\u00f1os H\u00e9roes de Xalapa.<\/p>\n<p>Entrevistados durante la manifestaci\u00f3n advirtieron que har\u00e1n justicia por su cuenta si las autoridades no act\u00faan contra un grupo de habitantes de dicha colonia que cometen esos delitos.<\/p>\n<p>Juan Mesa Garc\u00eda, uno de los vecinos afectados dijo que, &#8220;Ya estamos cansados. Pedimos la intervenci\u00f3n de la autoridad correspondiente, pero que se act\u00fae, porque no queremos hacernos justicia por nuestra propia mano&#8221;.<\/p>\n<p>Asegur\u00f3 que desde hace m\u00e1s de tres a\u00f1os padecen inseguridad y narr\u00f3 que recientemente se confrontaron y corretearon con los asaltantes cuando pretend\u00edan ingresar a una vivienda, por lo que fue golpeado con un pedazo de block de construcci\u00f3n.<\/p>\n<p>Uno de los sujetos fue capturado por los vecinos y entregado a la Polic\u00eda Municipal. Aseguran que los presuntos ladrones viven en la calle Xallitic y Puerto Vallarta.<\/p>\n<p>Los hechos, dijo, ya fueron denunciados ante la Fiscal\u00eda General del Estado, pues los sujetos est\u00e1n identificados, aunque reclam\u00f3 que una de sus vecinas no se le tom\u00f3 la denuncia bajo el argumento de que no acud\u00eda golpeada por los delincuentes.<\/p>\n<p>&#8220;Denunciamos a Juli\u00e1n Alarc\u00f3n. Ayer agarramos uno, pero son como 9 o 10 personas&#8230;golpean al de la tortilla, al de la tiendita, lo amenazan&#8221;, coment\u00f3.<\/p>\n<p>Reclamaron que los robos suceden en el d\u00eda y que a pesar de que instalaron c\u00e1maras de seguridad, contin\u00faan robando.<\/p>\n<p>Finalmente pidieron la intervenci\u00f3n de la gobernadora Roc\u00edo Nahle Garc\u00eda y del secretario de Gobierno, Ricardo Ahued Bardahuil para que se garantice la seguridad, de lo contrario har\u00e1n justicia por su cuenta.<\/p>\n<p><img loading=\"lazy\" decoding=\"async\" class=\"alignnone size-medium wp-image-62492\" src=\"https:\/\/encuentroinformativo.com.mx\/wp-content\/uploads\/2025\/01\/IMG-20250109-WA0120-300x225.jpg\" alt=\"\" width=\"300\" height=\"225\" srcset=\"https:\/\/encuentroinformativo.com.mx\/wp-content\/uploads\/2025\/01\/IMG-20250109-WA0120-300x225.jpg 300w, https:\/\/encuentroinformativo.com.mx\/wp-content\/uploads\/2025\/01\/IMG-20250109-WA0120-1024x768.jpg 1024w, https:\/\/encuentroinformativo.com.mx\/wp-content\/uploads\/2025\/01\/IMG-20250109-WA0120-768x576.jpg 768w, https:\/\/encuentroinformativo.com.mx\/wp-content\/uploads\/2025\/01\/IMG-20250109-WA0120.jpg 1280w\" sizes=\"auto, (max-width: 300px) 100vw, 300px\" \/><\/p>\n","protected":false},"excerpt":{"rendered":"<p>Dar\u00edo Pale Xalapa, Ver.- Se manifestaron en la plaza Lerdo para denunciar los robos y asaltos con violencia de los que son v\u00edctimas en dicha zona, as\u00ed lo denunciaron los habitantes de la colonia Ni\u00f1os H\u00e9roes de Xalapa. Entrevistados durante la manifestaci\u00f3n advirtieron que har\u00e1n justicia por su cuenta si las autoridades no act\u00faan contra [&hellip;]<\/p>\n","protected":false},"author":2476,"featured_media":62490,"comment_status":"open","ping_status":"open","sticky":false,"template":"","format":"standard","meta":{"_jetpack_memberships_contains_paid_content":false,"footnotes":""},"categories":[3],"tags":[],"class_list":["post-62489","post","type-post","status-publish","format-standard","has-post-thumbnail","hentry","category-xalapa"],"jetpack_featured_media_url":"https:\/\/encuentroinformativo.com.mx\/wp-content\/uploads\/2025\/01\/IMG-20250109-WA0123.jpg","jetpack_sharing_enabled":true,"jetpack_likes_enabled":true,"amp_enabled":true,"_links":{"self":[{"href":"https:\/\/encuentroinformativo.com.mx\/index.php?rest_route=\/wp\/v2\/posts\/62489","targetHints":{"allow":["GET"]}}],"collection":[{"href":"https:\/\/encuentroinformativo.com.mx\/index.php?rest_route=\/wp\/v2\/posts"}],"about":[{"href":"https:\/\/encuentroinformativo.com.mx\/index.php?rest_route=\/wp\/v2\/types\/post"}],"author":[{"embeddable":true,"href":"https:\/\/encuentroinformativo.com.mx\/index.php?rest_route=\/wp\/v2\/users\/2476"}],"replies":[{"embeddable":true,"href":"https:\/\/encuentroinformativo.com.mx\/index.php?rest_route=%2Fwp%2Fv2%2Fcomments&post=62489"}],"version-history":[{"count":2,"href":"https:\/\/encuentroinformativo.com.mx\/index.php?rest_route=\/wp\/v2\/posts\/62489\/revisions"}],"predecessor-version":[{"id":62493,"href":"https:\/\/encuentroinformativo.com.mx\/index.php?rest_route=\/wp\/v2\/posts\/62489\/revisions\/62493"}],"wp:featuredmedia":[{"embeddable":true,"href":"https:\/\/encuentroinformativo.com.mx\/index.php?rest_route=\/wp\/v2\/media\/62490"}],"wp:attachment":[{"href":"https:\/\/encuentroinformativo.com.mx\/index.php?rest_route=%2Fwp%2Fv2%2Fmedia&parent=62489"}],"wp:term":[{"taxonomy":"category","embeddable":true,"href":"https:\/\/encuentroinformativo.com.mx\/index.php?rest_route=%2Fwp%2Fv2%2Fcategories&post=62489"},{"taxonomy":"post_tag","embeddable":true,"href":"https:\/\/encuentroinformativo.com.mx\/index.php?rest_route=%2Fwp%2Fv2%2Ftags&post=62489"}],"curies":[{"name":"wp","href":"https:\/\/api.w.org\/{rel}","templated":true}]}}