{"id":62507,"date":"2025-01-09T16:05:09","date_gmt":"2025-01-09T22:05:09","guid":{"rendered":"https:\/\/encuentroinformativo.com.mx\/?p=62507"},"modified":"2025-01-09T16:05:09","modified_gmt":"2025-01-09T22:05:09","slug":"en-tlalixcoyan-festejaron-durante-3-dias-a-los-reyes-magos","status":"publish","type":"post","link":"https:\/\/encuentroinformativo.com.mx\/?p=62507","title":{"rendered":"En Tlalixcoyan festejaron durante 3 d\u00edas a los Reyes Magos"},"content":{"rendered":"<p><strong><span style=\"font-size: 1rem;\">Alejandro \u00c1vila<\/span><\/strong><\/p>\n<p>Tlalixcoyan, Ver.- En medio de sonrisas, regalos, juegos y mucha diversi\u00f3n, el ayuntamiento de Tlalixcoyan, que encabeza la alcaldesa, Elvia Illescas Loyo, celebr\u00f3 el tradicional D\u00eda de Reyes con grandes eventos en cabecera municipal, Piedras Negras y Paso de la Boca \u2013 El Cocuite.<\/p>\n<p>Durante tres d\u00edas consecutivos, ni\u00f1as y ni\u00f1os de estas localidades, disfrutaron, junto con sus familias, de una kerm\u00e9s de juegos, rifas, la presencia de los Reyes Magos, el show de payasos \u201cTrif\u00e1sicos\u201d, ricas botanas, as\u00ed como la tradicional Rosca de Reyes, acompa\u00f1ada de un rico chocolate.<\/p>\n<p>La presidenta municipal felicit\u00f3 a las infancias presentes por este nuevo a\u00f1o que comenz\u00f3, invit\u00e1ndolos a seguirse divirtiendo con sus obsequios y a disfrutar del amor de sus seres queridos; as\u00ed tambi\u00e9n, a mamis y papis asistentes a seguir Caminando Juntos por el bienestar de sus peque\u00f1os y deseando que sea un excelente per\u00edodo para todas y todos.<\/p>\n<p>\u201cLes deseo que la magia de los Reyes Magos, Melchor, Gaspar y Baltazar llene sus corazones de alegr\u00eda; pero recuerden, el verdadero esp\u00edritu de esta festividad est\u00e1 en compartir y ser bondadosos. Que este D\u00eda de Reyes sea el comienzo de un a\u00f1o lleno de oportunidades para todas las familias de y de todo el municipio\u201d, expres\u00f3.<\/p>\n","protected":false},"excerpt":{"rendered":"<p>Alejandro \u00c1vila Tlalixcoyan, Ver.- En medio de sonrisas, regalos, juegos y mucha diversi\u00f3n, el ayuntamiento de Tlalixcoyan, que encabeza la alcaldesa, Elvia Illescas Loyo, celebr\u00f3 el tradicional D\u00eda de Reyes con grandes eventos en cabecera municipal, Piedras Negras y Paso de la Boca \u2013 El Cocuite. Durante tres d\u00edas consecutivos, ni\u00f1as y ni\u00f1os de estas [&hellip;]<\/p>\n","protected":false},"author":2476,"featured_media":62508,"comment_status":"open","ping_status":"open","sticky":false,"template":"","format":"standard","meta":{"_jetpack_memberships_contains_paid_content":false,"footnotes":""},"categories":[2],"tags":[],"class_list":["post-62507","post","type-post","status-publish","format-standard","has-post-thumbnail","hentry","category-estado"],"jetpack_featured_media_url":"https:\/\/encuentroinformativo.com.mx\/wp-content\/uploads\/2025\/01\/IMG-20250109-WA0139.jpg","jetpack_sharing_enabled":true,"jetpack_likes_enabled":true,"amp_enabled":true,"_links":{"self":[{"href":"https:\/\/encuentroinformativo.com.mx\/index.php?rest_route=\/wp\/v2\/posts\/62507","targetHints":{"allow":["GET"]}}],"collection":[{"href":"https:\/\/encuentroinformativo.com.mx\/index.php?rest_route=\/wp\/v2\/posts"}],"about":[{"href":"https:\/\/encuentroinformativo.com.mx\/index.php?rest_route=\/wp\/v2\/types\/post"}],"author":[{"embeddable":true,"href":"https:\/\/encuentroinformativo.com.mx\/index.php?rest_route=\/wp\/v2\/users\/2476"}],"replies":[{"embeddable":true,"href":"https:\/\/encuentroinformativo.com.mx\/index.php?rest_route=%2Fwp%2Fv2%2Fcomments&post=62507"}],"version-history":[{"count":1,"href":"https:\/\/encuentroinformativo.com.mx\/index.php?rest_route=\/wp\/v2\/posts\/62507\/revisions"}],"predecessor-version":[{"id":62509,"href":"https:\/\/encuentroinformativo.com.mx\/index.php?rest_route=\/wp\/v2\/posts\/62507\/revisions\/62509"}],"wp:featuredmedia":[{"embeddable":true,"href":"https:\/\/encuentroinformativo.com.mx\/index.php?rest_route=\/wp\/v2\/media\/62508"}],"wp:attachment":[{"href":"https:\/\/encuentroinformativo.com.mx\/index.php?rest_route=%2Fwp%2Fv2%2Fmedia&parent=62507"}],"wp:term":[{"taxonomy":"category","embeddable":true,"href":"https:\/\/encuentroinformativo.com.mx\/index.php?rest_route=%2Fwp%2Fv2%2Fcategories&post=62507"},{"taxonomy":"post_tag","embeddable":true,"href":"https:\/\/encuentroinformativo.com.mx\/index.php?rest_route=%2Fwp%2Fv2%2Ftags&post=62507"}],"curies":[{"name":"wp","href":"https:\/\/api.w.org\/{rel}","templated":true}]}}