{"id":62513,"date":"2025-01-09T16:18:09","date_gmt":"2025-01-09T22:18:09","guid":{"rendered":"https:\/\/encuentroinformativo.com.mx\/?p=62513"},"modified":"2025-01-09T16:18:09","modified_gmt":"2025-01-09T22:18:09","slug":"se-avanza-contra-inseguridad-nahle","status":"publish","type":"post","link":"https:\/\/encuentroinformativo.com.mx\/?p=62513","title":{"rendered":"Se avanza contra inseguridad: Nahle"},"content":{"rendered":"<p><strong style=\"font-size: 1rem;\">Dar\u00edo Pale<\/strong><\/p>\n<p>Xalapa, Ver.- Veracruz avanza contra la inseguridad, asesinato de director de Gobernaci\u00f3n de Mendoza, hecho aislado, as\u00ed lo dio a conocer la Gobernadora del Estado Roc\u00edo Nahle Garc\u00eda, ademas defini\u00f3 que la postulaci\u00f3n de candidatos es responsabilidad de los partidos pol\u00edticos, tras el registro de Reveriano P\u00e9rez Vega.<\/p>\n<p>Entrevistada en el Congreso del Estado la gobernadora, resalt\u00f3 que en los primeros ocho d\u00edas del a\u00f1o Veracruz se ubic\u00f3 en la posici\u00f3n 17 en materia de seguridad a nivel nacional, tal como lo dio a conocer este d\u00eda el titular de la Secretar\u00eda de Seguridad y Protecci\u00f3n Ciudadana, Omar Garc\u00eda Harfuch.<\/p>\n<p>Destac\u00f3 que su administraci\u00f3n ha avanzado mucho en el combate a la inseguridad, \u201ctrabajamos todos los d\u00edas y va bastante bien\u2026\u201d, expres\u00f3 y afirm\u00f3 que lo sucedido con el director de Gobernaci\u00f3n del ayuntamiento de Camerino Z. Mendoza, Manuel Andrei Gamboa Soto, quien fue asesinado a disparos en el municipio de Ixtaczoquitl\u00e1n; fue un hecho aislado.<\/p>\n<p>Nahle Garc\u00eda agreg\u00f3 que en ese caso, la Fiscal\u00eda General del Estado ya est\u00e1 trabajando en la investigaci\u00f3n.<\/p>\n<p>Respecto del registro al proceso interno de Morena, del exalcalde Reveriano P\u00e9rez Vega, exalcalde del municipio de Coxquihui, quien tiene presuntos v\u00ednculos con la delincuencia, la Gobernadora defini\u00f3 que la postulaci\u00f3n de los candidatos es responsabilidad de los partidos pol\u00edticos.<\/p>\n<p>En ese sentido, defini\u00f3 que los derechos constitucionales de cada persona est\u00e1n a salvo y descart\u00f3 dar una opini\u00f3n al respecto, porque esto lo deben resolver los partidos pol\u00edticos.<\/p>\n<p>Por otra parte, la titular del Poder Ejecutivo asegur\u00f3 que hasta este momento ning\u00fan servidor p\u00fablico de su administraci\u00f3n le ha manifestado su inter\u00e9s de participar en el proceso electoral local para renovar las alcald\u00edas del Estado.<\/p>\n<p>Finalmente, sobre la desaparici\u00f3n de Carlos Antonio Salinas Guerrero, comisionado municipal del partido Movimiento Ciudadano en Naranjos Amatl\u00e1n desde el pasado 3 de enero, la mandataria dijo que preguntar\u00eda porque no tiene ese reporte.<\/p>\n","protected":false},"excerpt":{"rendered":"<p>Dar\u00edo Pale Xalapa, Ver.- Veracruz avanza contra la inseguridad, asesinato de director de Gobernaci\u00f3n de Mendoza, hecho aislado, as\u00ed lo dio a conocer la Gobernadora del Estado Roc\u00edo Nahle Garc\u00eda, ademas defini\u00f3 que la postulaci\u00f3n de candidatos es responsabilidad de los partidos pol\u00edticos, tras el registro de Reveriano P\u00e9rez Vega. Entrevistada en el Congreso del [&hellip;]<\/p>\n","protected":false},"author":2476,"featured_media":62514,"comment_status":"open","ping_status":"open","sticky":false,"template":"","format":"standard","meta":{"_jetpack_memberships_contains_paid_content":false,"footnotes":""},"categories":[2],"tags":[],"class_list":["post-62513","post","type-post","status-publish","format-standard","has-post-thumbnail","hentry","category-estado"],"jetpack_featured_media_url":"https:\/\/encuentroinformativo.com.mx\/wp-content\/uploads\/2025\/01\/IMG-20250109-WA01632.jpg","jetpack_sharing_enabled":true,"jetpack_likes_enabled":true,"amp_enabled":true,"_links":{"self":[{"href":"https:\/\/encuentroinformativo.com.mx\/index.php?rest_route=\/wp\/v2\/posts\/62513","targetHints":{"allow":["GET"]}}],"collection":[{"href":"https:\/\/encuentroinformativo.com.mx\/index.php?rest_route=\/wp\/v2\/posts"}],"about":[{"href":"https:\/\/encuentroinformativo.com.mx\/index.php?rest_route=\/wp\/v2\/types\/post"}],"author":[{"embeddable":true,"href":"https:\/\/encuentroinformativo.com.mx\/index.php?rest_route=\/wp\/v2\/users\/2476"}],"replies":[{"embeddable":true,"href":"https:\/\/encuentroinformativo.com.mx\/index.php?rest_route=%2Fwp%2Fv2%2Fcomments&post=62513"}],"version-history":[{"count":1,"href":"https:\/\/encuentroinformativo.com.mx\/index.php?rest_route=\/wp\/v2\/posts\/62513\/revisions"}],"predecessor-version":[{"id":62515,"href":"https:\/\/encuentroinformativo.com.mx\/index.php?rest_route=\/wp\/v2\/posts\/62513\/revisions\/62515"}],"wp:featuredmedia":[{"embeddable":true,"href":"https:\/\/encuentroinformativo.com.mx\/index.php?rest_route=\/wp\/v2\/media\/62514"}],"wp:attachment":[{"href":"https:\/\/encuentroinformativo.com.mx\/index.php?rest_route=%2Fwp%2Fv2%2Fmedia&parent=62513"}],"wp:term":[{"taxonomy":"category","embeddable":true,"href":"https:\/\/encuentroinformativo.com.mx\/index.php?rest_route=%2Fwp%2Fv2%2Fcategories&post=62513"},{"taxonomy":"post_tag","embeddable":true,"href":"https:\/\/encuentroinformativo.com.mx\/index.php?rest_route=%2Fwp%2Fv2%2Ftags&post=62513"}],"curies":[{"name":"wp","href":"https:\/\/api.w.org\/{rel}","templated":true}]}}