{"id":62516,"date":"2025-01-09T17:43:48","date_gmt":"2025-01-09T23:43:48","guid":{"rendered":"https:\/\/encuentroinformativo.com.mx\/?p=62516"},"modified":"2025-01-09T17:43:48","modified_gmt":"2025-01-09T23:43:48","slug":"renovacion-de-poder-judicial-oportunidad-para-demostrar-experiencia","status":"publish","type":"post","link":"https:\/\/encuentroinformativo.com.mx\/?p=62516","title":{"rendered":"Renovaci\u00f3n de Poder Judicial, oportunidad para demostrar experiencia"},"content":{"rendered":"<p><strong><span style=\"font-size: 1rem;\">Dar\u00edo Pale<\/span><\/strong><\/p>\n<p>Xalapa, Ver.- El proceso para renovar el Poder Judicial de Veracruz (PJV), oportunidad para demostrar experiencia de Tribunal Electoral de Veracruz (TEV), descarta participar en el proceso interno, as\u00ed lo dio a conocer la a\u00fan magistrada presidenta del Tribunal, Tania Celina V\u00e1zquez Mu\u00f1oz.<\/p>\n<p>En entrevista, descart\u00f3 que vaya a participar en el proceso para renovar al Poder Judicial de Veracruz, pero opin\u00f3 que es una buena oportunidad para demostrar la experiencia de los magistrados quienes calificar\u00e1n dicho proceso electoral extraordinario.<\/p>\n<p>\u201cEsta elecci\u00f3n ser\u00e1 fundamental, de cara a lo que viene para nuestro pa\u00eds y, sin duda, la Judicatura es lo m\u00e1s importante\u2026, la impartici\u00f3n de justicia es un tema que no es menor, en donde se requiere que est\u00e9n los mejores perfiles\u201d, se\u00f1al\u00f3.<\/p>\n<p>La togada manifest\u00f3 que espera que para la renovaci\u00f3n del Poder Judicial de Veracruz se inscriban los mejores perfiles, pero sobre todo que sea un n\u00famero copioso de aspirantes.<\/p>\n<p>Coment\u00f3 que todav\u00eda se debe evaluar c\u00f3mo quedar\u00e1 la convocatoria para conocer los requisitos y plazos.<\/p>\n<p>\u201cEste a\u00f1o estar\u00e1 lleno de retos, lleno de mucho trabajo afortunadamente, pero sobre todo, de mucho compromiso con los ciudadanos\u201d, indic\u00f3.<\/p>\n<p>Asever\u00f3 que en este momento el TEV est\u00e1 analizando todo lo que deber\u00e1n atender respecto de la elecci\u00f3n extraordinaria para renovar al Tribunal Superior de Justicia de Veracruz, ya que la reforma al Poder Judicial contempla la extinci\u00f3n del Consejo de la Judicatura para suplirlo por el Tribunal de Disciplina Judicial, a fin de mejorar la vigilancia, transparencia, administraci\u00f3n y desempe\u00f1o del Poder Judicial.<\/p>\n<p>\u201cNosotros estamos revisando cu\u00e1les van a ser los criterios que ha resuelto la Sala Superior (del Tribunal Electoral del Poder Judicial de la Federaci\u00f3n), de lo que nos compete, que ser\u00e1 calificar esa elecci\u00f3n y validar los resultados\u201d, destac\u00f3.<\/p>\n<p>Finalmente, recalc\u00f3 que no va a participar en el proceso interno, en este momento su principal preocupaci\u00f3n es obtener el resto del presupuesto que le hace falta al Tribunal para este a\u00f1o, lo cual est\u00e1 tratando de lograr la magistrada presidenta Lisbeth Aurelia Aguirre.<\/p>\n","protected":false},"excerpt":{"rendered":"<p>Dar\u00edo Pale Xalapa, Ver.- El proceso para renovar el Poder Judicial de Veracruz (PJV), oportunidad para demostrar experiencia de Tribunal Electoral de Veracruz (TEV), descarta participar en el proceso interno, as\u00ed lo dio a conocer la a\u00fan magistrada presidenta del Tribunal, Tania Celina V\u00e1zquez Mu\u00f1oz. En entrevista, descart\u00f3 que vaya a participar en el proceso [&hellip;]<\/p>\n","protected":false},"author":2476,"featured_media":62517,"comment_status":"open","ping_status":"open","sticky":false,"template":"","format":"standard","meta":{"_jetpack_memberships_contains_paid_content":false,"footnotes":""},"categories":[2],"tags":[],"class_list":["post-62516","post","type-post","status-publish","format-standard","has-post-thumbnail","hentry","category-estado"],"jetpack_featured_media_url":"https:\/\/encuentroinformativo.com.mx\/wp-content\/uploads\/2025\/01\/IMG-20250109-WA01872.jpg","jetpack_sharing_enabled":true,"jetpack_likes_enabled":true,"amp_enabled":true,"_links":{"self":[{"href":"https:\/\/encuentroinformativo.com.mx\/index.php?rest_route=\/wp\/v2\/posts\/62516","targetHints":{"allow":["GET"]}}],"collection":[{"href":"https:\/\/encuentroinformativo.com.mx\/index.php?rest_route=\/wp\/v2\/posts"}],"about":[{"href":"https:\/\/encuentroinformativo.com.mx\/index.php?rest_route=\/wp\/v2\/types\/post"}],"author":[{"embeddable":true,"href":"https:\/\/encuentroinformativo.com.mx\/index.php?rest_route=\/wp\/v2\/users\/2476"}],"replies":[{"embeddable":true,"href":"https:\/\/encuentroinformativo.com.mx\/index.php?rest_route=%2Fwp%2Fv2%2Fcomments&post=62516"}],"version-history":[{"count":1,"href":"https:\/\/encuentroinformativo.com.mx\/index.php?rest_route=\/wp\/v2\/posts\/62516\/revisions"}],"predecessor-version":[{"id":62518,"href":"https:\/\/encuentroinformativo.com.mx\/index.php?rest_route=\/wp\/v2\/posts\/62516\/revisions\/62518"}],"wp:featuredmedia":[{"embeddable":true,"href":"https:\/\/encuentroinformativo.com.mx\/index.php?rest_route=\/wp\/v2\/media\/62517"}],"wp:attachment":[{"href":"https:\/\/encuentroinformativo.com.mx\/index.php?rest_route=%2Fwp%2Fv2%2Fmedia&parent=62516"}],"wp:term":[{"taxonomy":"category","embeddable":true,"href":"https:\/\/encuentroinformativo.com.mx\/index.php?rest_route=%2Fwp%2Fv2%2Fcategories&post=62516"},{"taxonomy":"post_tag","embeddable":true,"href":"https:\/\/encuentroinformativo.com.mx\/index.php?rest_route=%2Fwp%2Fv2%2Ftags&post=62516"}],"curies":[{"name":"wp","href":"https:\/\/api.w.org\/{rel}","templated":true}]}}