{"id":6252,"date":"2020-09-28T13:38:52","date_gmt":"2020-09-28T18:38:52","guid":{"rendered":"https:\/\/encuentroinformativo.com.mx\/?p=6252"},"modified":"2020-09-28T13:38:55","modified_gmt":"2020-09-28T18:38:55","slug":"siguen-inconformidades-de-vecinos-de-la-xalapa-coatepec","status":"publish","type":"post","link":"https:\/\/encuentroinformativo.com.mx\/?p=6252","title":{"rendered":"Siguen inconformidades de vecinos de la Xalapa &#8211; Coatepec"},"content":{"rendered":"\n<p><strong>Juan Arcos <\/strong><\/p>\n\n\n\n<p>Xalapa, Ver.- Pobladores de la colonia Arboledas de San Pedro bloquearon la carretera Xalapa-Coatepec, a la altura de la zona conocida como La Florida, para exigir laInstalaci\u00f3n reductores de velocidad en dicha zona.<\/p>\n\n\n\n<p>Los quejosos cerraron el carril con direcci\u00f3n a la capital del estado, alrededor de las diez de la ma\u00f1ana. Portaban lonas y pancartas donde solicitaban la intervenci\u00f3n del gobernador Cuitl\u00e1huac Garc\u00eda Jim\u00e9nez, para evitar que contin\u00faen los accidentes en la zona.<\/p>\n\n\n\n<p>\u201cSe\u00f1or Gobernador solicitamos rampas, reductores de velocidad. \u00a1No m\u00e1s accidentes!\u201d, se lee en algunas de las cartulinas.<\/p>\n\n\n\n<p>De acuerdo con Jorge Antonio Garc\u00eda, vecino de Arboledas de San Pedro, se han contabilizado hasta cuatro accidentes viales s\u00f3lo en la zona de La Florida, sobre todo cuando llueve.<\/p>\n\n\n\n<p>La inseguridad vial tambi\u00e9n afecta a los pobladores de los fraccionamientos Residencial San Pedro y La Ordu\u00f1a, en el municipio de Coatepec, a diez kil\u00f3metros de Xalapa.<\/p>\n\n\n\n<p>Los vecinos han presentado 12 oficios desde 2017 a autoridades estatales, para que fuesen atendidas sus demandas; sin embargo, hasta el momento han sido ignorados.<\/p>\n\n\n\n<p>Las personas consideraron que la principal causa de los accidentes es que los conductores exceden los l\u00edmites de velocidad.<\/p>\n\n\n\n<p>Por ello, exigen que haya rampas sobre la carretera, con direcci\u00f3n a la ciudad de Xalapa, a la altura de La Ordu\u00f1a, y debajo del puente peatonal.<\/p>\n\n\n\n<p>Los inconformes liberaron la v\u00eda de comunicaci\u00f3n a las 11:30 horas, toda vez que ser\u00edan recibidos en Palacio de Gobierno para dialogar con autoridades de la Secretar\u00eda de Infraestructura y Obras P\u00fablicas (SIOP).<\/p>\n\n\n\n<p>Cabe recordar que vecinos de Los Arenales tambi\u00e9n bloquearon la carretera para exigir reductores de velocidad en dicha zona y, desde el fin de semana, comenzaron los trabajos para la instalaci\u00f3n de las rampas.<\/p>\n","protected":false},"excerpt":{"rendered":"<p>Juan Arcos Xalapa, Ver.- Pobladores de la colonia Arboledas de San Pedro bloquearon la carretera Xalapa-Coatepec, a la altura de la zona conocida como La Florida, para exigir laInstalaci\u00f3n reductores de velocidad en dicha zona. Los quejosos cerraron el carril con direcci\u00f3n a la capital del estado, alrededor de las diez de la ma\u00f1ana. Portaban [&hellip;]<\/p>\n","protected":false},"author":1,"featured_media":6253,"comment_status":"open","ping_status":"open","sticky":false,"template":"","format":"standard","meta":{"_jetpack_memberships_contains_paid_content":false,"footnotes":""},"categories":[8],"tags":[],"class_list":["post-6252","post","type-post","status-publish","format-standard","has-post-thumbnail","hentry","category-region"],"jetpack_featured_media_url":"https:\/\/encuentroinformativo.com.mx\/wp-content\/uploads\/2020\/09\/FBEEF7AB-9DFE-4220-92B7-2D9AE3EB2CE6.jpeg","jetpack_sharing_enabled":true,"jetpack_likes_enabled":true,"amp_enabled":true,"_links":{"self":[{"href":"https:\/\/encuentroinformativo.com.mx\/index.php?rest_route=\/wp\/v2\/posts\/6252","targetHints":{"allow":["GET"]}}],"collection":[{"href":"https:\/\/encuentroinformativo.com.mx\/index.php?rest_route=\/wp\/v2\/posts"}],"about":[{"href":"https:\/\/encuentroinformativo.com.mx\/index.php?rest_route=\/wp\/v2\/types\/post"}],"author":[{"embeddable":true,"href":"https:\/\/encuentroinformativo.com.mx\/index.php?rest_route=\/wp\/v2\/users\/1"}],"replies":[{"embeddable":true,"href":"https:\/\/encuentroinformativo.com.mx\/index.php?rest_route=%2Fwp%2Fv2%2Fcomments&post=6252"}],"version-history":[{"count":1,"href":"https:\/\/encuentroinformativo.com.mx\/index.php?rest_route=\/wp\/v2\/posts\/6252\/revisions"}],"predecessor-version":[{"id":6254,"href":"https:\/\/encuentroinformativo.com.mx\/index.php?rest_route=\/wp\/v2\/posts\/6252\/revisions\/6254"}],"wp:featuredmedia":[{"embeddable":true,"href":"https:\/\/encuentroinformativo.com.mx\/index.php?rest_route=\/wp\/v2\/media\/6253"}],"wp:attachment":[{"href":"https:\/\/encuentroinformativo.com.mx\/index.php?rest_route=%2Fwp%2Fv2%2Fmedia&parent=6252"}],"wp:term":[{"taxonomy":"category","embeddable":true,"href":"https:\/\/encuentroinformativo.com.mx\/index.php?rest_route=%2Fwp%2Fv2%2Fcategories&post=6252"},{"taxonomy":"post_tag","embeddable":true,"href":"https:\/\/encuentroinformativo.com.mx\/index.php?rest_route=%2Fwp%2Fv2%2Ftags&post=6252"}],"curies":[{"name":"wp","href":"https:\/\/api.w.org\/{rel}","templated":true}]}}