{"id":62541,"date":"2025-01-10T11:10:28","date_gmt":"2025-01-10T17:10:28","guid":{"rendered":"https:\/\/encuentroinformativo.com.mx\/?p=62541"},"modified":"2025-01-10T11:10:28","modified_gmt":"2025-01-10T17:10:28","slug":"comercio-informal-aniquilo-ventas-de-artesanos-del-malecon","status":"publish","type":"post","link":"https:\/\/encuentroinformativo.com.mx\/?p=62541","title":{"rendered":"Comercio informal aniquil\u00f3 ventas de Artesanos del Malec\u00f3n\u00a0"},"content":{"rendered":"<p><strong style=\"font-size: 1rem;\">Alejandro \u00c1vila<\/strong><\/p>\n<p>Veracruz, Ver.- El comercio informal sigue estando presente en el puerto de Veracruz y sobrepasa la direcci\u00f3n de Comercio, acus\u00f3 el presidente de la Asociaci\u00f3n de Artesanos Fundadores del Malec\u00f3n, \u00c1ngel Hern\u00e1ndez Ramos, quien agreg\u00f3, les aniquil\u00f3 las ventas durante la temporada decembrina.<\/p>\n<p>Por si fuera poco hace unas semanas sufrieron el corte de energ\u00eda el\u00e9ctrica por aproximadamente 8 horas, situaci\u00f3n que les afect\u00f3 extremadamente en sus ventas, y tras una investigaci\u00f3n creen haber encontrado los presuntos responsables.<\/p>\n<p>&#8220;No le voy a mentir, ha habido gente, pero eso no significa que haya habido venta, hay mucha gente todav\u00eda que estamos esperando que nuestros porcentajes en t\u00e9rminos globales incremente, pero yo creo que en un resumen hasta este momento de temporada, tal vez alcanzamos un 40 por ciento de incremento, que bueno, no es malo pero no son las expectativas que nosotros dese\u00e1bamos, aqu\u00ed se sigue presentando una situaci\u00f3n el comercio informal no ha dejado de estar presente, sabemos y m\u00e1s ustedes deben de tener por ah\u00ed un video donde la alcaldesa se comprometi\u00f3 a que eso no se iba a presentar, lamentablemente pues ella no puede estar en todas partes, as\u00ed que quiero pensar que desconoce esa situaci\u00f3n, pero si es un comercio informal que no se est\u00e1 rebasando, que est\u00e1 rebasando en este caso la direcci\u00f3n de Comercio, y a eso s\u00famele que hubo un d\u00eda que tuvimos un apag\u00f3n que dur\u00f3 casi 8 horas, afortunadamente fue atendido tiempo, pero tambi\u00e9n eso nos puso a pensar que podr\u00eda estar pasando, y una de las cosas que descubrimos es que aqu\u00ed a la vuelta hay dos remolques que literalmente se est\u00e1n robando la luz&#8221;, subray\u00f3.<\/p>\n<p>El otro tema, el comerciante mencion\u00f3 que la tarde de este jueves la direcci\u00f3n de Protecci\u00f3n Civil del municipio de Veracruz los invito a no laborar este viernes, debido a las fuertes rachas de vientos del norte que se esperan dentro del Frente Fr\u00edo n\u00famero 22.<\/p>\n<p>Ante ello, \u00c1ngel Hern\u00e1ndez Ramos dijo que continuaron con sus labores por la ma\u00f1ana y, dependiendo de como vayan aumentando las rachas de viento, analizar\u00e1n si por la tarde cerrar\u00e1n sus locales.<\/p>\n","protected":false},"excerpt":{"rendered":"<p>Alejandro \u00c1vila Veracruz, Ver.- El comercio informal sigue estando presente en el puerto de Veracruz y sobrepasa la direcci\u00f3n de Comercio, acus\u00f3 el presidente de la Asociaci\u00f3n de Artesanos Fundadores del Malec\u00f3n, \u00c1ngel Hern\u00e1ndez Ramos, quien agreg\u00f3, les aniquil\u00f3 las ventas durante la temporada decembrina. Por si fuera poco hace unas semanas sufrieron el corte [&hellip;]<\/p>\n","protected":false},"author":2476,"featured_media":62544,"comment_status":"open","ping_status":"open","sticky":false,"template":"","format":"standard","meta":{"_jetpack_memberships_contains_paid_content":false,"footnotes":""},"categories":[2],"tags":[],"class_list":["post-62541","post","type-post","status-publish","format-standard","has-post-thumbnail","hentry","category-estado"],"jetpack_featured_media_url":"https:\/\/encuentroinformativo.com.mx\/wp-content\/uploads\/2025\/01\/IMG-20250110-WA00222.jpg","jetpack_sharing_enabled":true,"jetpack_likes_enabled":true,"amp_enabled":true,"_links":{"self":[{"href":"https:\/\/encuentroinformativo.com.mx\/index.php?rest_route=\/wp\/v2\/posts\/62541","targetHints":{"allow":["GET"]}}],"collection":[{"href":"https:\/\/encuentroinformativo.com.mx\/index.php?rest_route=\/wp\/v2\/posts"}],"about":[{"href":"https:\/\/encuentroinformativo.com.mx\/index.php?rest_route=\/wp\/v2\/types\/post"}],"author":[{"embeddable":true,"href":"https:\/\/encuentroinformativo.com.mx\/index.php?rest_route=\/wp\/v2\/users\/2476"}],"replies":[{"embeddable":true,"href":"https:\/\/encuentroinformativo.com.mx\/index.php?rest_route=%2Fwp%2Fv2%2Fcomments&post=62541"}],"version-history":[{"count":1,"href":"https:\/\/encuentroinformativo.com.mx\/index.php?rest_route=\/wp\/v2\/posts\/62541\/revisions"}],"predecessor-version":[{"id":62543,"href":"https:\/\/encuentroinformativo.com.mx\/index.php?rest_route=\/wp\/v2\/posts\/62541\/revisions\/62543"}],"wp:featuredmedia":[{"embeddable":true,"href":"https:\/\/encuentroinformativo.com.mx\/index.php?rest_route=\/wp\/v2\/media\/62544"}],"wp:attachment":[{"href":"https:\/\/encuentroinformativo.com.mx\/index.php?rest_route=%2Fwp%2Fv2%2Fmedia&parent=62541"}],"wp:term":[{"taxonomy":"category","embeddable":true,"href":"https:\/\/encuentroinformativo.com.mx\/index.php?rest_route=%2Fwp%2Fv2%2Fcategories&post=62541"},{"taxonomy":"post_tag","embeddable":true,"href":"https:\/\/encuentroinformativo.com.mx\/index.php?rest_route=%2Fwp%2Fv2%2Ftags&post=62541"}],"curies":[{"name":"wp","href":"https:\/\/api.w.org\/{rel}","templated":true}]}}