{"id":62545,"date":"2025-01-10T13:20:57","date_gmt":"2025-01-10T19:20:57","guid":{"rendered":"https:\/\/encuentroinformativo.com.mx\/?p=62545"},"modified":"2025-01-10T13:20:57","modified_gmt":"2025-01-10T19:20:57","slug":"ex-titular-de-la-sev-busca-la-candidatura-en-fortin","status":"publish","type":"post","link":"https:\/\/encuentroinformativo.com.mx\/?p=62545","title":{"rendered":"Ex titular de la SEV busca la candidatura en Fort\u00edn"},"content":{"rendered":"<p><strong style=\"font-size: 1rem;\">Alejandro \u00c1vila<\/strong><\/p>\n<p>Fort\u00edn, Ver. &#8211; El profesor V\u00edctor Vargas, acompa\u00f1ado de su familia y con el folio de registro en mano, dio un paso firme hacia la contienda electoral al presentar su constancia como aspirante a la candidatura de MORENA para la presidencia municipal de Fort\u00edn.<\/p>\n<p>Ante medios de comunicaci\u00f3n, el tambi\u00e9n exDiputado Local y excoordinador de delegaciones de la Secretar\u00eda de Educaci\u00f3n de Veracruz (SEV) expres\u00f3 su compromiso de trabajar por un municipio que exige atenci\u00f3n y cambio.<\/p>\n<p>\u201cHay muchos inscritos en este proceso interno, pero s\u00f3lo habr\u00e1 un candidato. Conf\u00edo en que quien sea elegido por la encuesta ser\u00e1 alguien que realmente entienda las necesidades de Fort\u00edn y se comprometa a resolverlas\u201d, declar\u00f3 Vargas, con un tono que mezclaba optimismo y determinaci\u00f3n.<\/p>\n<p>Originario de Fort\u00edn, V\u00edctor Vargas rememor\u00f3 su trayectoria en la lucha magisterial desde el 2012, una batalla que ciment\u00f3 su vocaci\u00f3n de servicio y le permiti\u00f3 forjar un v\u00ednculo directo con las necesidades de la poblaci\u00f3n.<\/p>\n<p>\u201cNuestros ojos siempre estar\u00e1n puestos en trabajar por todos los sectores. Esa ha sido mi misi\u00f3n y continuar\u00e1 si se me brinda la oportunidad\u201d, afirm\u00f3.<\/p>\n<p>El profesor tambi\u00e9n destac\u00f3 la importancia de que MORENA seleccione a un candidato comprometido con las causas sociales y la transformaci\u00f3n del municipio.<\/p>\n<p>\u201cFort\u00edn merece liderazgo, cercan\u00eda y resultados. Solo pido a mi partido que nos d\u00e9 la oportunidad de gobernar para demostrar que s\u00ed se puede hacer la diferencia\u201d, expres\u00f3 con \u00e9nfasis.<\/p>\n<p>El proceso interno de MORENA, que ser\u00e1 definido por encuesta, se perfila como un desaf\u00edo pol\u00edtico clave.<\/p>\n<p>Mientras tanto, Vargas deja en claro que su aspiraci\u00f3n va m\u00e1s all\u00e1 de una candidatura; se trata de un proyecto en el que, seg\u00fan sus propias palabras, \u201ctodos los sectores ser\u00e1n prioridad\u201d.<\/p>\n","protected":false},"excerpt":{"rendered":"<p>Alejandro \u00c1vila Fort\u00edn, Ver. &#8211; El profesor V\u00edctor Vargas, acompa\u00f1ado de su familia y con el folio de registro en mano, dio un paso firme hacia la contienda electoral al presentar su constancia como aspirante a la candidatura de MORENA para la presidencia municipal de Fort\u00edn. Ante medios de comunicaci\u00f3n, el tambi\u00e9n exDiputado Local y [&hellip;]<\/p>\n","protected":false},"author":2476,"featured_media":62546,"comment_status":"open","ping_status":"open","sticky":false,"template":"","format":"standard","meta":{"_jetpack_memberships_contains_paid_content":false,"footnotes":""},"categories":[2],"tags":[],"class_list":["post-62545","post","type-post","status-publish","format-standard","has-post-thumbnail","hentry","category-estado"],"jetpack_featured_media_url":"https:\/\/encuentroinformativo.com.mx\/wp-content\/uploads\/2025\/01\/IMG-20250110-WA01032.jpg","jetpack_sharing_enabled":true,"jetpack_likes_enabled":true,"amp_enabled":true,"_links":{"self":[{"href":"https:\/\/encuentroinformativo.com.mx\/index.php?rest_route=\/wp\/v2\/posts\/62545","targetHints":{"allow":["GET"]}}],"collection":[{"href":"https:\/\/encuentroinformativo.com.mx\/index.php?rest_route=\/wp\/v2\/posts"}],"about":[{"href":"https:\/\/encuentroinformativo.com.mx\/index.php?rest_route=\/wp\/v2\/types\/post"}],"author":[{"embeddable":true,"href":"https:\/\/encuentroinformativo.com.mx\/index.php?rest_route=\/wp\/v2\/users\/2476"}],"replies":[{"embeddable":true,"href":"https:\/\/encuentroinformativo.com.mx\/index.php?rest_route=%2Fwp%2Fv2%2Fcomments&post=62545"}],"version-history":[{"count":2,"href":"https:\/\/encuentroinformativo.com.mx\/index.php?rest_route=\/wp\/v2\/posts\/62545\/revisions"}],"predecessor-version":[{"id":62548,"href":"https:\/\/encuentroinformativo.com.mx\/index.php?rest_route=\/wp\/v2\/posts\/62545\/revisions\/62548"}],"wp:featuredmedia":[{"embeddable":true,"href":"https:\/\/encuentroinformativo.com.mx\/index.php?rest_route=\/wp\/v2\/media\/62546"}],"wp:attachment":[{"href":"https:\/\/encuentroinformativo.com.mx\/index.php?rest_route=%2Fwp%2Fv2%2Fmedia&parent=62545"}],"wp:term":[{"taxonomy":"category","embeddable":true,"href":"https:\/\/encuentroinformativo.com.mx\/index.php?rest_route=%2Fwp%2Fv2%2Fcategories&post=62545"},{"taxonomy":"post_tag","embeddable":true,"href":"https:\/\/encuentroinformativo.com.mx\/index.php?rest_route=%2Fwp%2Fv2%2Ftags&post=62545"}],"curies":[{"name":"wp","href":"https:\/\/api.w.org\/{rel}","templated":true}]}}