{"id":62549,"date":"2025-01-10T13:59:24","date_gmt":"2025-01-10T19:59:24","guid":{"rendered":"https:\/\/encuentroinformativo.com.mx\/?p=62549"},"modified":"2025-01-10T13:59:24","modified_gmt":"2025-01-10T19:59:24","slug":"establece-comision-sus-metas-para-la-atencion-de-migrantes","status":"publish","type":"post","link":"https:\/\/encuentroinformativo.com.mx\/?p=62549","title":{"rendered":"Establece Comisi\u00f3n sus metas para la atenci\u00f3n de migrantes"},"content":{"rendered":"<p style=\"font-weight: 400;\"><strong>* Necesario implementar acciones y estrategias al ser Veracruz uno de los estados con mayor movilidad humana.<\/strong><\/p>\n<p style=\"font-weight: 400;\"><span style=\"font-size: 1rem;\">Xalapa, Ver..-\u00a0\u00a0Con el objeto de impulsar adecuaciones normativas y administrativas que contribuyan a la atenci\u00f3n de la poblaci\u00f3n, grupos vulnerables y migrantes en el estado, la Comisi\u00f3n Permanente de Poblaci\u00f3n y Atenci\u00f3n a Migrantes de la LXVII Legislatura aprob\u00f3 su Programa Anual de Trabajo para 2025, a fin de contribuir a su desarrollo y garant\u00edas a derechos humanos, en concordancia con las normativas y a los Objetivos de Desarrollo Sostenible de la Agenda 2030.<\/span><\/p>\n<p style=\"font-weight: 400;\"><span style=\"font-size: 1rem;\">Las diputadas Janix Liliana Castro Mu\u00f1oz e Indira de Jes\u00fas Rosales San Rom\u00e1n, y el legislador Fernando Yunes M\u00e1rquez, presidenta, secretaria y vocal respectivamente, de la instancia legislativa, coincidieron que Veracruz es parte de una de las principales rutas de tr\u00e1nsito de miles de migrantes que atraviesan el pa\u00eds en condiciones precarias y expuestos a diversos actos delictivos.<\/span><\/p>\n<p style=\"font-weight: 400;\"><span style=\"font-size: 1rem;\">Reconocieron que la entidad posee tambi\u00e9n un alto n\u00famero de veracruzanos desplazados al interior del pa\u00eds y de retorno de migrantes; de ah\u00ed la importancia de establecer l\u00edneas de acci\u00f3n y estrategias que fortalezcan la atenci\u00f3n de la poblaci\u00f3n y grupos migrantes.<\/span><\/p>\n<p style=\"font-weight: 400;\"><span style=\"font-size: 1rem;\">Para tal fin, el documento puntualiza que, dentro del \u00e1mbito legislativo, la comisi\u00f3n analizar\u00e1 y dictaminar\u00e1 los asuntos que les sean turnados por la Mesa Directiva,\u00a0 adem\u00e1s de recibir iniciativas, proyectos y pronunciamientos en la materia y coadyuvar con otras comisiones para brindar a este sector una mejor atenci\u00f3n.<\/span><\/p>\n<p style=\"font-weight: 400;\"><span style=\"font-size: 1rem;\">Asimismo prev\u00e9, en un marco de colaboraci\u00f3n y respeto, establecer alianzas con los tres \u00f3rdenes de gobierno que permita dar atenci\u00f3n oportuna, estrechar lazos de colaboraci\u00f3n con integrantes de los cuerpos consulares de los pa\u00edses acreditados en la entidad y colaborar con otras instituciones vinculadas en el tema, creando estrategias de innovaci\u00f3n para el desarrollo de pol\u00edticas p\u00fablicas.<\/span><\/p>\n<p style=\"font-weight: 400;\"><span style=\"font-size: 1rem;\">En coordinaci\u00f3n con universidades y organizaciones, la comisi\u00f3n plantea celebrar convenios a fin de realizar investigaciones y estudios que fortalezcan propuestas y el trabajo legislativo; adem\u00e1s, se impulsa la realizaci\u00f3n de foros, talleres, mesas de trabajo y eventos institucionales que conlleven a la difusi\u00f3n de los programas sociales, paneles informativos, exposici\u00f3n de investigaciones y temas relacionados con la migraci\u00f3n en la entidad.<\/span><\/p>\n<p style=\"font-weight: 400;\">\n","protected":false},"excerpt":{"rendered":"<p>* Necesario implementar acciones y estrategias al ser Veracruz uno de los estados con mayor movilidad humana. Xalapa, Ver..-\u00a0\u00a0Con el objeto de impulsar adecuaciones normativas y administrativas que contribuyan a la atenci\u00f3n de la poblaci\u00f3n, grupos vulnerables y migrantes en el estado, la Comisi\u00f3n Permanente de Poblaci\u00f3n y Atenci\u00f3n a Migrantes de la LXVII Legislatura [&hellip;]<\/p>\n","protected":false},"author":2476,"featured_media":62550,"comment_status":"open","ping_status":"open","sticky":false,"template":"","format":"standard","meta":{"_jetpack_memberships_contains_paid_content":false,"footnotes":""},"categories":[2],"tags":[],"class_list":["post-62549","post","type-post","status-publish","format-standard","has-post-thumbnail","hentry","category-estado"],"jetpack_featured_media_url":"https:\/\/encuentroinformativo.com.mx\/wp-content\/uploads\/2025\/01\/NOV10ENE2025POBLACION2.jpeg","jetpack_sharing_enabled":true,"jetpack_likes_enabled":true,"amp_enabled":true,"_links":{"self":[{"href":"https:\/\/encuentroinformativo.com.mx\/index.php?rest_route=\/wp\/v2\/posts\/62549","targetHints":{"allow":["GET"]}}],"collection":[{"href":"https:\/\/encuentroinformativo.com.mx\/index.php?rest_route=\/wp\/v2\/posts"}],"about":[{"href":"https:\/\/encuentroinformativo.com.mx\/index.php?rest_route=\/wp\/v2\/types\/post"}],"author":[{"embeddable":true,"href":"https:\/\/encuentroinformativo.com.mx\/index.php?rest_route=\/wp\/v2\/users\/2476"}],"replies":[{"embeddable":true,"href":"https:\/\/encuentroinformativo.com.mx\/index.php?rest_route=%2Fwp%2Fv2%2Fcomments&post=62549"}],"version-history":[{"count":1,"href":"https:\/\/encuentroinformativo.com.mx\/index.php?rest_route=\/wp\/v2\/posts\/62549\/revisions"}],"predecessor-version":[{"id":62551,"href":"https:\/\/encuentroinformativo.com.mx\/index.php?rest_route=\/wp\/v2\/posts\/62549\/revisions\/62551"}],"wp:featuredmedia":[{"embeddable":true,"href":"https:\/\/encuentroinformativo.com.mx\/index.php?rest_route=\/wp\/v2\/media\/62550"}],"wp:attachment":[{"href":"https:\/\/encuentroinformativo.com.mx\/index.php?rest_route=%2Fwp%2Fv2%2Fmedia&parent=62549"}],"wp:term":[{"taxonomy":"category","embeddable":true,"href":"https:\/\/encuentroinformativo.com.mx\/index.php?rest_route=%2Fwp%2Fv2%2Fcategories&post=62549"},{"taxonomy":"post_tag","embeddable":true,"href":"https:\/\/encuentroinformativo.com.mx\/index.php?rest_route=%2Fwp%2Fv2%2Ftags&post=62549"}],"curies":[{"name":"wp","href":"https:\/\/api.w.org\/{rel}","templated":true}]}}