{"id":6255,"date":"2020-09-28T13:57:07","date_gmt":"2020-09-28T18:57:07","guid":{"rendered":"https:\/\/encuentroinformativo.com.mx\/?p=6255"},"modified":"2020-09-28T13:57:10","modified_gmt":"2020-09-28T18:57:10","slug":"veracruz-generador-de-luz-y-con-tarifas-altas-reclaman-ciudadanos","status":"publish","type":"post","link":"https:\/\/encuentroinformativo.com.mx\/?p=6255","title":{"rendered":"Veracruz, generador de luz y con tarifas altas; reclaman ciudadanos"},"content":{"rendered":"\n<p><strong>Alejandro \u00c1vila<\/strong><\/p>\n\n\n\n<p>Veracruz, Ver.- Al menos tres decenas de ciudadanos de la zona conurbada Veracruz &#8211; Boca del R\u00edo se manifestaron este lunes por la ma\u00f1ana en las oficinas de la Comisi\u00f3n Federal de Electricidad (CFE) ubicadas en la avenida Salvador D\u00edaz Mir\u00f3n, debido al alto costo del servicio de energ\u00eda el\u00e9ctrica, adem\u00e1s del pesimo servicio que ofrece la empresa paraestatal.<\/p>\n\n\n\n<p>Marco Antonio Moncayo Parra, presidente del Movimiento Renovador Democratico, explic\u00f3 que est\u00e1n en contra de lo dicho por el presidente Andr\u00e9s Manuel L\u00f3pez Obrador este domingo en Veracruz Puerto, donde anunci\u00f3 que primero buscar\u00eda rescatar a la CFE y despu\u00e9s analizar\u00edan un posible beneficio en cuanto mejorar tarifas en la entidad veracruzana.<\/p>\n\n\n\n<p>&#8220;En este momento por la situaci\u00f3n econ\u00f3mica no aguantamos, no hay dinero ahorita que aguanta los altos recibos que vienen de Comisi\u00f3n Federal de Electricidad y tambi\u00e9n los cortes, se les va la luz a todas las colonias y por d\u00edas, un mal servicio y cobran en oro&#8221;, acus\u00f3 el vocero de los inconformes.<\/p>\n\n\n\n<p>Expuso que al Estado de Tabasco se le dio una condonaci\u00f3n de 25 a\u00f1os con una tarifa de 1f, lo cual se representa en centavos, mientras que Veracruz, siendo generador d energ\u00eda a trav\u00e9s de Laguna Verde, tiene tarifa de 1c, que es en pesos.<\/p>\n\n\n\n<p>Apunt\u00f3 que en lo que va del a\u00f1o ha recibido cientos de quejas de ciudadanos de Veracruz, Boca del R\u00edo y Medell\u00edn de Bravo, quienes adem\u00e1s de manifestar el alto costo del servicio de energ\u00eda el\u00e9ctrica, acusan un pesimo trato de los trabajadores de CFE.<\/p>\n\n\n\n<p>&#8220;Los transformadores ya son obsoletos, no tienen la capacidad para dar el servicio, donde hay uno debe de haber dos, y ese uno est\u00e1 descontinuado, no le meten la refacci\u00f3n, claro que el trabajador le mete un &#8216;diablito&#8217; y tiene que volver a regresar&#8221;, remat\u00f3.<\/p>\n\n\n\n<figure class=\"wp-block-image size-large\"><img loading=\"lazy\" decoding=\"async\" width=\"1024\" height=\"576\" src=\"https:\/\/encuentroinformativo.com.mx\/wp-content\/uploads\/2020\/09\/7F356A2F-5BD9-408B-AB70-CD21D4511872-1024x576.jpeg\" alt=\"\" class=\"wp-image-6257\" srcset=\"https:\/\/encuentroinformativo.com.mx\/wp-content\/uploads\/2020\/09\/7F356A2F-5BD9-408B-AB70-CD21D4511872-1024x576.jpeg 1024w, https:\/\/encuentroinformativo.com.mx\/wp-content\/uploads\/2020\/09\/7F356A2F-5BD9-408B-AB70-CD21D4511872-300x169.jpeg 300w, https:\/\/encuentroinformativo.com.mx\/wp-content\/uploads\/2020\/09\/7F356A2F-5BD9-408B-AB70-CD21D4511872-768x432.jpeg 768w, https:\/\/encuentroinformativo.com.mx\/wp-content\/uploads\/2020\/09\/7F356A2F-5BD9-408B-AB70-CD21D4511872.jpeg 1152w\" sizes=\"auto, (max-width: 1024px) 100vw, 1024px\" \/><\/figure>\n","protected":false},"excerpt":{"rendered":"<p>Alejandro \u00c1vila Veracruz, Ver.- Al menos tres decenas de ciudadanos de la zona conurbada Veracruz &#8211; Boca del R\u00edo se manifestaron este lunes por la ma\u00f1ana en las oficinas de la Comisi\u00f3n Federal de Electricidad (CFE) ubicadas en la avenida Salvador D\u00edaz Mir\u00f3n, debido al alto costo del servicio de energ\u00eda el\u00e9ctrica, adem\u00e1s del pesimo [&hellip;]<\/p>\n","protected":false},"author":1,"featured_media":6256,"comment_status":"open","ping_status":"open","sticky":false,"template":"","format":"standard","meta":{"_jetpack_memberships_contains_paid_content":false,"footnotes":""},"categories":[2],"tags":[],"class_list":["post-6255","post","type-post","status-publish","format-standard","has-post-thumbnail","hentry","category-estado"],"jetpack_featured_media_url":"https:\/\/encuentroinformativo.com.mx\/wp-content\/uploads\/2020\/09\/5F3DA9F2-41E0-42E2-832C-5D56737CCA90.jpeg","jetpack_sharing_enabled":true,"jetpack_likes_enabled":true,"amp_enabled":true,"_links":{"self":[{"href":"https:\/\/encuentroinformativo.com.mx\/index.php?rest_route=\/wp\/v2\/posts\/6255","targetHints":{"allow":["GET"]}}],"collection":[{"href":"https:\/\/encuentroinformativo.com.mx\/index.php?rest_route=\/wp\/v2\/posts"}],"about":[{"href":"https:\/\/encuentroinformativo.com.mx\/index.php?rest_route=\/wp\/v2\/types\/post"}],"author":[{"embeddable":true,"href":"https:\/\/encuentroinformativo.com.mx\/index.php?rest_route=\/wp\/v2\/users\/1"}],"replies":[{"embeddable":true,"href":"https:\/\/encuentroinformativo.com.mx\/index.php?rest_route=%2Fwp%2Fv2%2Fcomments&post=6255"}],"version-history":[{"count":1,"href":"https:\/\/encuentroinformativo.com.mx\/index.php?rest_route=\/wp\/v2\/posts\/6255\/revisions"}],"predecessor-version":[{"id":6258,"href":"https:\/\/encuentroinformativo.com.mx\/index.php?rest_route=\/wp\/v2\/posts\/6255\/revisions\/6258"}],"wp:featuredmedia":[{"embeddable":true,"href":"https:\/\/encuentroinformativo.com.mx\/index.php?rest_route=\/wp\/v2\/media\/6256"}],"wp:attachment":[{"href":"https:\/\/encuentroinformativo.com.mx\/index.php?rest_route=%2Fwp%2Fv2%2Fmedia&parent=6255"}],"wp:term":[{"taxonomy":"category","embeddable":true,"href":"https:\/\/encuentroinformativo.com.mx\/index.php?rest_route=%2Fwp%2Fv2%2Fcategories&post=6255"},{"taxonomy":"post_tag","embeddable":true,"href":"https:\/\/encuentroinformativo.com.mx\/index.php?rest_route=%2Fwp%2Fv2%2Ftags&post=6255"}],"curies":[{"name":"wp","href":"https:\/\/api.w.org\/{rel}","templated":true}]}}