{"id":62552,"date":"2025-01-10T15:34:19","date_gmt":"2025-01-10T21:34:19","guid":{"rendered":"https:\/\/encuentroinformativo.com.mx\/?p=62552"},"modified":"2025-01-10T15:34:19","modified_gmt":"2025-01-10T21:34:19","slug":"propondra-diputado-corrimiento-de-horario-escolar-por-bajas-temperaturas","status":"publish","type":"post","link":"https:\/\/encuentroinformativo.com.mx\/?p=62552","title":{"rendered":"Propondr\u00e1 diputado corrimiento de horario escolar por bajas temperaturas"},"content":{"rendered":"<p><strong><span style=\"font-size: 1rem;\">Dar\u00edo Pale<\/span><\/strong><\/p>\n<p>Xalapa, Ver.- Por las bajas temperaturas en zonas de altas monta\u00f1as propondr\u00e1n entrar una hora m\u00e1s tarde a clases del turno matutino, as\u00ed lo dio a conocer el diputado local de Morena Reveriano Marin Hern\u00e1ndez, presidente de la comisi\u00f3n de Educaci\u00f3n del congreso local.<\/p>\n<p>En entrevista se\u00f1al\u00f3 que, ante las bajas temperaturas en la zona de monta\u00f1as, adelant\u00f3 que el pr\u00f3ximo martes se reunir\u00e1 con la Secretaria de Educaci\u00f3n, Claudia Tello Espinoza para proponerle el corrimiento de horario de las escuelas p\u00fablicas.<\/p>\n<p>&#8220;Vamos a tocar este tema del corrimiento de horario, porque en enero se espera que sea muy fr\u00edo\u201d, coment\u00f3.<\/p>\n<p>Consider\u00f3 que este recorrimiento del horario podr\u00eda ser de media hora o de una hora, para no afectar las actividades acad\u00e9micas del turno vespertino.<\/p>\n<p>\u201cCreo que ese tiempo es m\u00e1s que suficiente para no afectar el horario del turno vespertino y no se prolongue por la tarde la salida de las y los alumnos, porque cuando se mueven los horarios de una escuela, se mueven los horarios del trabajador administrativo y docente, por lo que ser\u00e1n los colectivos docentes los que determinen lo conducente.<\/p>\n<p>Explic\u00f3 que la entrada a clases una hora m\u00e1s tarde en el turno matutino podr\u00eda aplicarse en las zonas de las altas monta\u00f1as como Orizaba, Zongolica, Perote, Las Vigas, Huayacocotla, entre otras m\u00e1s.<\/p>\n<p>En esos municipios se han resentido fuertes heladas y nevadas, y que el recorrimiento del horario, es un tema que debe analizarse con las autoridades educativas.<\/p>\n<p>Finalmente, conf\u00edo que se logre un acuerdo con la responsable de la pol\u00edtica educativa de la entidad y se autorice el corrimiento del horario, con lo que se garantizar\u00e1 la protecci\u00f3n en su salud a las y los ni\u00f1os y j\u00f3venes que cursan sus estudios en las escuelas p\u00fablicas del estado, as\u00ed como al personal docente y administrativo.<\/p>\n","protected":false},"excerpt":{"rendered":"<p>Dar\u00edo Pale Xalapa, Ver.- Por las bajas temperaturas en zonas de altas monta\u00f1as propondr\u00e1n entrar una hora m\u00e1s tarde a clases del turno matutino, as\u00ed lo dio a conocer el diputado local de Morena Reveriano Marin Hern\u00e1ndez, presidente de la comisi\u00f3n de Educaci\u00f3n del congreso local. En entrevista se\u00f1al\u00f3 que, ante las bajas temperaturas en [&hellip;]<\/p>\n","protected":false},"author":2476,"featured_media":62553,"comment_status":"open","ping_status":"open","sticky":false,"template":"","format":"standard","meta":{"_jetpack_memberships_contains_paid_content":false,"footnotes":""},"categories":[2],"tags":[],"class_list":["post-62552","post","type-post","status-publish","format-standard","has-post-thumbnail","hentry","category-estado"],"jetpack_featured_media_url":"https:\/\/encuentroinformativo.com.mx\/wp-content\/uploads\/2025\/01\/IMG-20250110-WA0107.jpg","jetpack_sharing_enabled":true,"jetpack_likes_enabled":true,"amp_enabled":true,"_links":{"self":[{"href":"https:\/\/encuentroinformativo.com.mx\/index.php?rest_route=\/wp\/v2\/posts\/62552","targetHints":{"allow":["GET"]}}],"collection":[{"href":"https:\/\/encuentroinformativo.com.mx\/index.php?rest_route=\/wp\/v2\/posts"}],"about":[{"href":"https:\/\/encuentroinformativo.com.mx\/index.php?rest_route=\/wp\/v2\/types\/post"}],"author":[{"embeddable":true,"href":"https:\/\/encuentroinformativo.com.mx\/index.php?rest_route=\/wp\/v2\/users\/2476"}],"replies":[{"embeddable":true,"href":"https:\/\/encuentroinformativo.com.mx\/index.php?rest_route=%2Fwp%2Fv2%2Fcomments&post=62552"}],"version-history":[{"count":1,"href":"https:\/\/encuentroinformativo.com.mx\/index.php?rest_route=\/wp\/v2\/posts\/62552\/revisions"}],"predecessor-version":[{"id":62554,"href":"https:\/\/encuentroinformativo.com.mx\/index.php?rest_route=\/wp\/v2\/posts\/62552\/revisions\/62554"}],"wp:featuredmedia":[{"embeddable":true,"href":"https:\/\/encuentroinformativo.com.mx\/index.php?rest_route=\/wp\/v2\/media\/62553"}],"wp:attachment":[{"href":"https:\/\/encuentroinformativo.com.mx\/index.php?rest_route=%2Fwp%2Fv2%2Fmedia&parent=62552"}],"wp:term":[{"taxonomy":"category","embeddable":true,"href":"https:\/\/encuentroinformativo.com.mx\/index.php?rest_route=%2Fwp%2Fv2%2Fcategories&post=62552"},{"taxonomy":"post_tag","embeddable":true,"href":"https:\/\/encuentroinformativo.com.mx\/index.php?rest_route=%2Fwp%2Fv2%2Ftags&post=62552"}],"curies":[{"name":"wp","href":"https:\/\/api.w.org\/{rel}","templated":true}]}}