{"id":62555,"date":"2025-01-10T15:48:39","date_gmt":"2025-01-10T21:48:39","guid":{"rendered":"https:\/\/encuentroinformativo.com.mx\/?p=62555"},"modified":"2025-01-10T15:48:39","modified_gmt":"2025-01-10T21:48:39","slug":"se-impulsara-reforma-al-poder-judicial-diego-castaneda","status":"publish","type":"post","link":"https:\/\/encuentroinformativo.com.mx\/?p=62555","title":{"rendered":"Se impulsar\u00e1 reforma al Poder Judicial: Diego Casta\u00f1eda"},"content":{"rendered":"<p><strong><span style=\"font-size: 1rem;\">Dar\u00edo Pale<\/span><\/strong><\/p>\n<p>Xalapa, Ver.- Impulsar\u00e1n nueva propuesta de reforma al Poder Judicial de Veracruz (PJV) para separar atribuciones de la o el magistrado presidente, ya que el presidente no tendr\u00e1 atribuciones sobre la administraci\u00f3n del TSJ, habr\u00e1 5 y no 3 magistrados en nuevo Tribunal de Disciplina Judicial para sacar carga de trabajo, con esto Veracruz ser\u00e1 punta de lanza de aprobarse la modificaci\u00f3n legislativa.<\/p>\n<p>En entrevista el diputado local Diego Casta\u00f1eda Aburto propondr\u00e1 una nueva reforma al Poder Judicial de Veracruz para que el presidente de dicha soberan\u00eda no tenga atribuciones sobre el nuevo Tribunal de Disciplina Judicial, que tiene como finalidad mejorar la vigilancia, transparencia, administraci\u00f3n y desempe\u00f1o del Poder Judicial.<\/p>\n<p>Es decir, buscar\u00e1 que la responsabilidad sea compartida y otra persona se encargue de la administraci\u00f3n financiera del Tribunal Superior de Justicia.<\/p>\n<p>Adem\u00e1s, adelant\u00f3 que subir\u00e1 al Pleno para cambiar la temporalidad de los titulares de las presidencias de los distintos tribunales y pasar de dos a\u00f1os a tres a\u00f1os.<\/p>\n<p>El legislador expuso que una de las situaciones sustanciales que cambiar\u00e1n es que, a diferencia de la reforma para renovar al Poder Judicial de la Federaci\u00f3n, en donde se elegir\u00e1n a los jueces y magistrados por distrito judicial, para Veracruz se innovar\u00e1 y el Estado ser\u00e1 una sola circunscripci\u00f3n para efectos de la elecci\u00f3n extraordinaria.<\/p>\n<p>Por lo que, si alguien se elige por el distrito judicial de Xalapa, esto no ser\u00e1 garant\u00eda de que se quede en la capital del Estado para evitar que se formen cotos de poder o corrupci\u00f3n, por lo que cada juez o magistrado ser\u00e1 \u201cjuez o magistrado del estado de Veracruz\u201d.<\/p>\n<p>Casta\u00f1eda Aburto agreg\u00f3 que otra de las cuestiones que se modificar\u00e1n es que el Tribunal de Disciplina Judicial est\u00e9 compuesto por cinco magistraturas, igual que a nivel federal toda vez que ahora s\u00ed se atender\u00e1n las quejas de los justiciables contra jueces y magistrados, por lo que tendr\u00e1n una gran carga de trabajo.<\/p>\n<p>Finalmente, Diego Casta\u00f1eda destac\u00f3 que con esta iniciativa Veracruz ser\u00e1 punta de lanza al contar con un Poder Judicial transparente, que trabaje en beneficio de los justiciables y rinda cuentas a los veracruzanos.<\/p>\n","protected":false},"excerpt":{"rendered":"<p>Dar\u00edo Pale Xalapa, Ver.- Impulsar\u00e1n nueva propuesta de reforma al Poder Judicial de Veracruz (PJV) para separar atribuciones de la o el magistrado presidente, ya que el presidente no tendr\u00e1 atribuciones sobre la administraci\u00f3n del TSJ, habr\u00e1 5 y no 3 magistrados en nuevo Tribunal de Disciplina Judicial para sacar carga de trabajo, con esto [&hellip;]<\/p>\n","protected":false},"author":2476,"featured_media":62556,"comment_status":"open","ping_status":"open","sticky":false,"template":"","format":"standard","meta":{"_jetpack_memberships_contains_paid_content":false,"footnotes":""},"categories":[2],"tags":[],"class_list":["post-62555","post","type-post","status-publish","format-standard","has-post-thumbnail","hentry","category-estado"],"jetpack_featured_media_url":"https:\/\/encuentroinformativo.com.mx\/wp-content\/uploads\/2025\/01\/IMG-20250110-WA0150.jpg","jetpack_sharing_enabled":true,"jetpack_likes_enabled":true,"amp_enabled":true,"_links":{"self":[{"href":"https:\/\/encuentroinformativo.com.mx\/index.php?rest_route=\/wp\/v2\/posts\/62555","targetHints":{"allow":["GET"]}}],"collection":[{"href":"https:\/\/encuentroinformativo.com.mx\/index.php?rest_route=\/wp\/v2\/posts"}],"about":[{"href":"https:\/\/encuentroinformativo.com.mx\/index.php?rest_route=\/wp\/v2\/types\/post"}],"author":[{"embeddable":true,"href":"https:\/\/encuentroinformativo.com.mx\/index.php?rest_route=\/wp\/v2\/users\/2476"}],"replies":[{"embeddable":true,"href":"https:\/\/encuentroinformativo.com.mx\/index.php?rest_route=%2Fwp%2Fv2%2Fcomments&post=62555"}],"version-history":[{"count":1,"href":"https:\/\/encuentroinformativo.com.mx\/index.php?rest_route=\/wp\/v2\/posts\/62555\/revisions"}],"predecessor-version":[{"id":62557,"href":"https:\/\/encuentroinformativo.com.mx\/index.php?rest_route=\/wp\/v2\/posts\/62555\/revisions\/62557"}],"wp:featuredmedia":[{"embeddable":true,"href":"https:\/\/encuentroinformativo.com.mx\/index.php?rest_route=\/wp\/v2\/media\/62556"}],"wp:attachment":[{"href":"https:\/\/encuentroinformativo.com.mx\/index.php?rest_route=%2Fwp%2Fv2%2Fmedia&parent=62555"}],"wp:term":[{"taxonomy":"category","embeddable":true,"href":"https:\/\/encuentroinformativo.com.mx\/index.php?rest_route=%2Fwp%2Fv2%2Fcategories&post=62555"},{"taxonomy":"post_tag","embeddable":true,"href":"https:\/\/encuentroinformativo.com.mx\/index.php?rest_route=%2Fwp%2Fv2%2Ftags&post=62555"}],"curies":[{"name":"wp","href":"https:\/\/api.w.org\/{rel}","templated":true}]}}