{"id":62558,"date":"2025-01-10T15:58:01","date_gmt":"2025-01-10T21:58:01","guid":{"rendered":"https:\/\/encuentroinformativo.com.mx\/?p=62558"},"modified":"2025-01-10T15:58:01","modified_gmt":"2025-01-10T21:58:01","slug":"tres-personas-pierden-la-vida-en-accidente-en-la-xalapa-perote","status":"publish","type":"post","link":"https:\/\/encuentroinformativo.com.mx\/?p=62558","title":{"rendered":"Tres personas pierden la vida en accidente en la Xalapa &#8211; Perote"},"content":{"rendered":"<p><strong style=\"font-size: 1rem;\">Dar\u00edo Pale<\/strong><\/p>\n<p>Xalapa, Ver.- Este mediod\u00eda se registr\u00f3 un fuerte accidente entre dos tr\u00e1ilers y cuatro veh\u00edculos particulares sobre la autopista Xalapa-Perote donde lamentablemente tres personas perdieron la vida y otros m\u00e1s resultaron lesionados.<\/p>\n<p>El mediod\u00eda de este viernes, alrededor de las 12:30 horas, se registr\u00f3 un fatal accidente entre dos tr\u00e1ileres en el libramiento Perote-Xalapa, a la altura de la comunidad Piedra de Agua, perteneciente al municipio de Jilotepec, en donde tres personas habr\u00edan perdido la vida y otras cinco m\u00e1s resultaron lesionadas.<\/p>\n<p>Los hechos se registraron entre un tr\u00e1iler que transportaba bloks y otro que llevaba dos cajas secas con productos pl\u00e1sticos, donde seg\u00fan los informes preliminares este \u00faltimo sufri\u00f3 una falla en los frenos, por lo que al no poder detenerse se impact\u00f3 contra otros dos veh\u00edculos incluido un trailer con plataforma cargado de block.<\/p>\n<p>Debido a la magnitud del impacto lamentablemente tres personas perdieron la vida y la circulaci\u00f3n qued\u00f3 totalmente interrumpida con direcci\u00f3n a Xalapa, y est\u00e1n a la espera de los elementos de servicios periciales para llevar a cabo las diligencias necesarias.<\/p>\n<p>Se espera que en las pr\u00f3ximas horas las autoridades correspondientes proporcionen m\u00e1s informaci\u00f3n sobre las v\u00edctimas y de los heridos.<\/p>\n<p>Como ocurre en este tipo de siniestros, la gente de la zona lleg\u00f3 a cometer rapi\u00f1a.<\/p>\n<p>Al sitio arribaron elementos de emergencias como C\u00f3digo Bravo, EMS, Escuadron Nacional de Rescate y Guardia Nacional.<\/p>\n<p><img loading=\"lazy\" decoding=\"async\" class=\"alignnone size-medium wp-image-62560\" src=\"https:\/\/encuentroinformativo.com.mx\/wp-content\/uploads\/2025\/01\/IMG-20250110-WA0136-300x225.jpg\" alt=\"\" width=\"300\" height=\"225\" srcset=\"https:\/\/encuentroinformativo.com.mx\/wp-content\/uploads\/2025\/01\/IMG-20250110-WA0136-300x225.jpg 300w, https:\/\/encuentroinformativo.com.mx\/wp-content\/uploads\/2025\/01\/IMG-20250110-WA0136-1024x768.jpg 1024w, https:\/\/encuentroinformativo.com.mx\/wp-content\/uploads\/2025\/01\/IMG-20250110-WA0136-768x576.jpg 768w, https:\/\/encuentroinformativo.com.mx\/wp-content\/uploads\/2025\/01\/IMG-20250110-WA0136.jpg 1280w\" sizes=\"auto, (max-width: 300px) 100vw, 300px\" \/><\/p>\n","protected":false},"excerpt":{"rendered":"<p>Dar\u00edo Pale Xalapa, Ver.- Este mediod\u00eda se registr\u00f3 un fuerte accidente entre dos tr\u00e1ilers y cuatro veh\u00edculos particulares sobre la autopista Xalapa-Perote donde lamentablemente tres personas perdieron la vida y otros m\u00e1s resultaron lesionados. El mediod\u00eda de este viernes, alrededor de las 12:30 horas, se registr\u00f3 un fatal accidente entre dos tr\u00e1ileres en el libramiento [&hellip;]<\/p>\n","protected":false},"author":2476,"featured_media":62559,"comment_status":"open","ping_status":"open","sticky":false,"template":"","format":"standard","meta":{"_jetpack_memberships_contains_paid_content":false,"footnotes":""},"categories":[8],"tags":[],"class_list":["post-62558","post","type-post","status-publish","format-standard","has-post-thumbnail","hentry","category-region"],"jetpack_featured_media_url":"https:\/\/encuentroinformativo.com.mx\/wp-content\/uploads\/2025\/01\/IMG-20250110-WA0133.jpg","jetpack_sharing_enabled":true,"jetpack_likes_enabled":true,"amp_enabled":true,"_links":{"self":[{"href":"https:\/\/encuentroinformativo.com.mx\/index.php?rest_route=\/wp\/v2\/posts\/62558","targetHints":{"allow":["GET"]}}],"collection":[{"href":"https:\/\/encuentroinformativo.com.mx\/index.php?rest_route=\/wp\/v2\/posts"}],"about":[{"href":"https:\/\/encuentroinformativo.com.mx\/index.php?rest_route=\/wp\/v2\/types\/post"}],"author":[{"embeddable":true,"href":"https:\/\/encuentroinformativo.com.mx\/index.php?rest_route=\/wp\/v2\/users\/2476"}],"replies":[{"embeddable":true,"href":"https:\/\/encuentroinformativo.com.mx\/index.php?rest_route=%2Fwp%2Fv2%2Fcomments&post=62558"}],"version-history":[{"count":1,"href":"https:\/\/encuentroinformativo.com.mx\/index.php?rest_route=\/wp\/v2\/posts\/62558\/revisions"}],"predecessor-version":[{"id":62561,"href":"https:\/\/encuentroinformativo.com.mx\/index.php?rest_route=\/wp\/v2\/posts\/62558\/revisions\/62561"}],"wp:featuredmedia":[{"embeddable":true,"href":"https:\/\/encuentroinformativo.com.mx\/index.php?rest_route=\/wp\/v2\/media\/62559"}],"wp:attachment":[{"href":"https:\/\/encuentroinformativo.com.mx\/index.php?rest_route=%2Fwp%2Fv2%2Fmedia&parent=62558"}],"wp:term":[{"taxonomy":"category","embeddable":true,"href":"https:\/\/encuentroinformativo.com.mx\/index.php?rest_route=%2Fwp%2Fv2%2Fcategories&post=62558"},{"taxonomy":"post_tag","embeddable":true,"href":"https:\/\/encuentroinformativo.com.mx\/index.php?rest_route=%2Fwp%2Fv2%2Ftags&post=62558"}],"curies":[{"name":"wp","href":"https:\/\/api.w.org\/{rel}","templated":true}]}}