{"id":62580,"date":"2025-01-11T16:16:19","date_gmt":"2025-01-11T22:16:19","guid":{"rendered":"https:\/\/encuentroinformativo.com.mx\/?p=62580"},"modified":"2025-01-11T16:16:19","modified_gmt":"2025-01-11T22:16:19","slug":"gestiona-diputada-solucion-a-falta-de-agua-en-region-de-acayucan","status":"publish","type":"post","link":"https:\/\/encuentroinformativo.com.mx\/?p=62580","title":{"rendered":"Gestiona diputada soluci\u00f3n a falta de agua en regi\u00f3n de Acayucan"},"content":{"rendered":"<p><strong>* Se re\u00fane Victoria Guti\u00e9rrez P\u00e9rez con el titular de la CAEV, Luis Fernando Cervantes Cruz, para exponer la problem\u00e1tica y plantear soluciones.<\/strong><\/p>\n<p style=\"font-weight: 400;\"><span style=\"font-size: 1rem;\">Xalapa, Ver.- La diputada Victoria Guti\u00e9rrez P\u00e9rez se reuni\u00f3 con el titular de la Comisi\u00f3n del Agua del Estado de Veracruz (CAEV), Luis Fernando Cervantes Cruz, a fin de revisar la problem\u00e1tica de la escasez del vital l\u00edquido en el municipio de Acayucan y aleda\u00f1os.<\/span><\/p>\n<p style=\"font-weight: 400;\"><span style=\"font-size: 1rem;\">Al reconocer que esta situaci\u00f3n genera inconformidad en las personas afectadas, la legisladora solicit\u00f3 la pronta intervenci\u00f3n de la CAEV, toda vez que, consider\u00f3, las ciudadanas y los ciudadanos tienen el derecho al vital l\u00edquido para satisfacer sus necesidades b\u00e1sicas diarias.<\/span><\/p>\n<p style=\"font-weight: 400;\"><span style=\"font-size: 1rem;\">Adelant\u00f3 que \u201chabr\u00e1 soluciones a corto y mediano plazo, porque se requiere infraestructura con costosas inversiones en las que seguramente participar\u00e1n los tres \u00f3rdenes de gobierno\u201d, por lo que agradeci\u00f3 el compromiso y la buena voluntad de las autoridades estatales encabezadas, principalmente a la gobernadora de Veracruz, Roc\u00edo Nahle Garc\u00eda, por dar a este tema la atenci\u00f3n que merece.<\/span><\/p>\n<p style=\"font-weight: 400;\"><span style=\"font-size: 1rem;\">En la reuni\u00f3n, la representante popular estuvo acompa\u00f1ada por el exdiputado federal Abel Ram\u00edrez Ortiz. Por la CAEV, adem\u00e1s del titular, estuvieron presentes el encargado de la Oficina de Estudios y Proyectos de Agua, Jes\u00fas Alfredo Pe\u00f1a, y el encargado del Departamento T\u00e9cnico de Operaci\u00f3n, N\u00e9stor Ortiz Aguilar.<\/span><\/p>\n<p style=\"font-weight: 400;\">\n","protected":false},"excerpt":{"rendered":"<p>* Se re\u00fane Victoria Guti\u00e9rrez P\u00e9rez con el titular de la CAEV, Luis Fernando Cervantes Cruz, para exponer la problem\u00e1tica y plantear soluciones. Xalapa, Ver.- La diputada Victoria Guti\u00e9rrez P\u00e9rez se reuni\u00f3 con el titular de la Comisi\u00f3n del Agua del Estado de Veracruz (CAEV), Luis Fernando Cervantes Cruz, a fin de revisar la problem\u00e1tica [&hellip;]<\/p>\n","protected":false},"author":2476,"featured_media":62581,"comment_status":"open","ping_status":"open","sticky":false,"template":"","format":"standard","meta":{"_jetpack_memberships_contains_paid_content":false,"footnotes":""},"categories":[2],"tags":[],"class_list":["post-62580","post","type-post","status-publish","format-standard","has-post-thumbnail","hentry","category-estado"],"jetpack_featured_media_url":"https:\/\/encuentroinformativo.com.mx\/wp-content\/uploads\/2025\/01\/NOV11ENE2025VICTORIA1.jpeg","jetpack_sharing_enabled":true,"jetpack_likes_enabled":true,"amp_enabled":true,"_links":{"self":[{"href":"https:\/\/encuentroinformativo.com.mx\/index.php?rest_route=\/wp\/v2\/posts\/62580","targetHints":{"allow":["GET"]}}],"collection":[{"href":"https:\/\/encuentroinformativo.com.mx\/index.php?rest_route=\/wp\/v2\/posts"}],"about":[{"href":"https:\/\/encuentroinformativo.com.mx\/index.php?rest_route=\/wp\/v2\/types\/post"}],"author":[{"embeddable":true,"href":"https:\/\/encuentroinformativo.com.mx\/index.php?rest_route=\/wp\/v2\/users\/2476"}],"replies":[{"embeddable":true,"href":"https:\/\/encuentroinformativo.com.mx\/index.php?rest_route=%2Fwp%2Fv2%2Fcomments&post=62580"}],"version-history":[{"count":1,"href":"https:\/\/encuentroinformativo.com.mx\/index.php?rest_route=\/wp\/v2\/posts\/62580\/revisions"}],"predecessor-version":[{"id":62582,"href":"https:\/\/encuentroinformativo.com.mx\/index.php?rest_route=\/wp\/v2\/posts\/62580\/revisions\/62582"}],"wp:featuredmedia":[{"embeddable":true,"href":"https:\/\/encuentroinformativo.com.mx\/index.php?rest_route=\/wp\/v2\/media\/62581"}],"wp:attachment":[{"href":"https:\/\/encuentroinformativo.com.mx\/index.php?rest_route=%2Fwp%2Fv2%2Fmedia&parent=62580"}],"wp:term":[{"taxonomy":"category","embeddable":true,"href":"https:\/\/encuentroinformativo.com.mx\/index.php?rest_route=%2Fwp%2Fv2%2Fcategories&post=62580"},{"taxonomy":"post_tag","embeddable":true,"href":"https:\/\/encuentroinformativo.com.mx\/index.php?rest_route=%2Fwp%2Fv2%2Ftags&post=62580"}],"curies":[{"name":"wp","href":"https:\/\/api.w.org\/{rel}","templated":true}]}}