{"id":62600,"date":"2025-01-13T10:01:10","date_gmt":"2025-01-13T16:01:10","guid":{"rendered":"https:\/\/encuentroinformativo.com.mx\/?p=62600"},"modified":"2025-01-13T10:01:10","modified_gmt":"2025-01-13T16:01:10","slug":"con-protesta-padres-reclaman-docentes-para-primaria-jose-maria-morelos","status":"publish","type":"post","link":"https:\/\/encuentroinformativo.com.mx\/?p=62600","title":{"rendered":"Con protesta, padres reclaman docentes para primaria Jos\u00e9 Mar\u00eda Morelos"},"content":{"rendered":"<p><strong><span style=\"font-size: 1rem;\">Dar\u00edo Pale<\/span><\/strong><\/p>\n<p>Xalapa, Ver.- Padres de familia de la escuela primaria &#8220;Jos\u00e9 Mar\u00eda Morelos y Pav\u00f3n&#8221; ubicada en el Infonavit Sumidero de Xalapa se manifestaron este lunes debido a la falta de maestros frente a grupos en diferente grados.<\/p>\n<p>Entrevistada durante la manifestaci\u00f3n la presidenta de la Asociaci\u00f3n de Padres de Familia, Rosario Uscanga Uscanga denunci\u00f3 que hay 4 maestros faltantes, algunos con permisos desde 5 y 6 a\u00f1os, una profesora se jubil\u00f3 y una m\u00e1s se cambi\u00f3 a otra escuela y no les fue asignado ning\u00fan docente.<\/p>\n<p>Reclam\u00f3 que ya han presentado oficios ante la Secretar\u00eda de Educaci\u00f3n de Veracruz sin que haya una respuesta favorable.<\/p>\n<p>La matr\u00edcula es de 488 alumnos y los grupos son aproximadamente de 28 estudiantes, por lo que m\u00e1s de 100 ni\u00f1os son afectados por la falta de maestros.<\/p>\n<p>Por \u00faltimo cabe se\u00f1alar que los padres de familia bloquearon la avenida Granada esquina Manzano de la colonia Infonavit Arboledas del Sumidero por unos minutos en demanda de una respuesta para solucionar su problema.<\/p>\n<p><img loading=\"lazy\" decoding=\"async\" class=\"alignnone size-medium wp-image-62603\" src=\"https:\/\/encuentroinformativo.com.mx\/wp-content\/uploads\/2025\/01\/IMG-20250113-WA0021-300x170.jpg\" alt=\"\" width=\"300\" height=\"170\" srcset=\"https:\/\/encuentroinformativo.com.mx\/wp-content\/uploads\/2025\/01\/IMG-20250113-WA0021-300x170.jpg 300w, https:\/\/encuentroinformativo.com.mx\/wp-content\/uploads\/2025\/01\/IMG-20250113-WA0021-1024x580.jpg 1024w, https:\/\/encuentroinformativo.com.mx\/wp-content\/uploads\/2025\/01\/IMG-20250113-WA0021-768x435.jpg 768w, https:\/\/encuentroinformativo.com.mx\/wp-content\/uploads\/2025\/01\/IMG-20250113-WA0021-1536x870.jpg 1536w, https:\/\/encuentroinformativo.com.mx\/wp-content\/uploads\/2025\/01\/IMG-20250113-WA0021.jpg 1600w\" sizes=\"auto, (max-width: 300px) 100vw, 300px\" \/><\/p>\n","protected":false},"excerpt":{"rendered":"<p>Dar\u00edo Pale Xalapa, Ver.- Padres de familia de la escuela primaria &#8220;Jos\u00e9 Mar\u00eda Morelos y Pav\u00f3n&#8221; ubicada en el Infonavit Sumidero de Xalapa se manifestaron este lunes debido a la falta de maestros frente a grupos en diferente grados. Entrevistada durante la manifestaci\u00f3n la presidenta de la Asociaci\u00f3n de Padres de Familia, Rosario Uscanga Uscanga [&hellip;]<\/p>\n","protected":false},"author":2476,"featured_media":62601,"comment_status":"open","ping_status":"open","sticky":false,"template":"","format":"standard","meta":{"_jetpack_memberships_contains_paid_content":false,"footnotes":""},"categories":[3],"tags":[],"class_list":["post-62600","post","type-post","status-publish","format-standard","has-post-thumbnail","hentry","category-xalapa"],"jetpack_featured_media_url":"https:\/\/encuentroinformativo.com.mx\/wp-content\/uploads\/2025\/01\/IMG-20250113-WA0017.jpg","jetpack_sharing_enabled":true,"jetpack_likes_enabled":true,"amp_enabled":true,"_links":{"self":[{"href":"https:\/\/encuentroinformativo.com.mx\/index.php?rest_route=\/wp\/v2\/posts\/62600","targetHints":{"allow":["GET"]}}],"collection":[{"href":"https:\/\/encuentroinformativo.com.mx\/index.php?rest_route=\/wp\/v2\/posts"}],"about":[{"href":"https:\/\/encuentroinformativo.com.mx\/index.php?rest_route=\/wp\/v2\/types\/post"}],"author":[{"embeddable":true,"href":"https:\/\/encuentroinformativo.com.mx\/index.php?rest_route=\/wp\/v2\/users\/2476"}],"replies":[{"embeddable":true,"href":"https:\/\/encuentroinformativo.com.mx\/index.php?rest_route=%2Fwp%2Fv2%2Fcomments&post=62600"}],"version-history":[{"count":2,"href":"https:\/\/encuentroinformativo.com.mx\/index.php?rest_route=\/wp\/v2\/posts\/62600\/revisions"}],"predecessor-version":[{"id":62604,"href":"https:\/\/encuentroinformativo.com.mx\/index.php?rest_route=\/wp\/v2\/posts\/62600\/revisions\/62604"}],"wp:featuredmedia":[{"embeddable":true,"href":"https:\/\/encuentroinformativo.com.mx\/index.php?rest_route=\/wp\/v2\/media\/62601"}],"wp:attachment":[{"href":"https:\/\/encuentroinformativo.com.mx\/index.php?rest_route=%2Fwp%2Fv2%2Fmedia&parent=62600"}],"wp:term":[{"taxonomy":"category","embeddable":true,"href":"https:\/\/encuentroinformativo.com.mx\/index.php?rest_route=%2Fwp%2Fv2%2Fcategories&post=62600"},{"taxonomy":"post_tag","embeddable":true,"href":"https:\/\/encuentroinformativo.com.mx\/index.php?rest_route=%2Fwp%2Fv2%2Ftags&post=62600"}],"curies":[{"name":"wp","href":"https:\/\/api.w.org\/{rel}","templated":true}]}}