{"id":6261,"date":"2020-09-28T14:34:12","date_gmt":"2020-09-28T19:34:12","guid":{"rendered":"https:\/\/encuentroinformativo.com.mx\/?p=6261"},"modified":"2020-09-28T14:34:15","modified_gmt":"2020-09-28T19:34:15","slug":"padres-reclaman-justicia-su-hijo-murio-arrollado-en-puente-moreno","status":"publish","type":"post","link":"https:\/\/encuentroinformativo.com.mx\/?p=6261","title":{"rendered":"Padres reclaman justicia, su hijo muri\u00f3 arrollado en Puente Moreno"},"content":{"rendered":"\n<p><strong>Alejandro \u00c1vila<\/strong><\/p>\n\n\n\n<p>Veracruz, Ver.- Los padres de Jos\u00e9 Antonio Tinoco, joven de 19 a\u00f1os que falleci\u00f3 el pasado 28 de junio en el fraccionamiento Lagos de Puente Moreno tras ser arrollado en su moto por un autom\u00f3vil que no respet\u00f3 la vialidad, claman justicia, pues la persona que impact\u00f3 con su auto a su hijo se encuentra en libertad tras un mal proceder de las autoridades policiales.<\/p>\n\n\n\n<p>El accidente se suscit\u00f3 a la media noche en el fraccionamiento Lagos de Puente Moreno del municipio de Medell\u00edn de Bravo, espec\u00edficamente en Paseo Las Joyas esquina \u00d3palo, Jos\u00e9 Antonio ven\u00eda manejando su moto en el carril que lleva preferencia y un carro March de color azul no respet\u00f3 la vialidad, se atraves\u00f3 e impact\u00f3 al joven, quien finalmente perdi\u00f3 la vida un d\u00eda despu\u00e9s tras ser llevado a un hospital de urgencia por las m\u00faltiples heridas.<\/p>\n\n\n\n<p>\u201c\u00c9l llevaba preferencia y el veh\u00edculo no hizo alto, ni siquiera se par\u00f3, no hizo alto total, tenemos un video el cual nos respalda, y lo arroll\u00f3 b\u00e1sicamente, y \u00e9l en base a eso perdi\u00f3, pues desgraciadamente al otro d\u00eda me perdi\u00f3 la vida (\u2026) el veh\u00edculo iba manejado por la se\u00f1ora Mar\u00eda del Carmen P\u00e9rez Tejeda, fue la responsable en su momento porque peritaje as\u00ed lo hizo ver\u201d, explic\u00f3 Jos\u00e9 Antonio Tinoco Acevedo padre de la v\u00edctima.<\/p>\n\n\n\n<p>Acus\u00f3 que la Polic\u00eda Estatal y Municipal de Medell\u00edn de Bravo quienes llegaron en la patrulla SP-3553 no detuvo a la responsable en el momento, situaci\u00f3n que les deriv\u00f3 en diversos problemas posteriores, pues incluso por protocolo debi\u00f3 haber sido detenida.<\/p>\n\n\n\n<p>\u201cA tres meses del caso de mi hijo yo pido justicia, el caso sigue completamente igual, no se ha hecho nada, la se\u00f1ora sigue en libertad, mi hijo ya tiene tres meses, exactamente hoy bajo tierra, y no me parece justo. Yo se lo pido con todo el favor al gobernador Cuitl\u00e1huac Garc\u00eda, que por favorcito meta manos en el asunto, porque no se vale, que un joven de 19 a\u00f1os ahorita haya perdido la vida por una persona irresponsable que ten\u00eda que haber hecho alto total\u201d, subray\u00f3.<\/p>\n\n\n\n<p>Por si fuera poco acus\u00f3 que el veh\u00edculo March ya fue sacado del encierro, situaci\u00f3n que sin conocer a detalle de leyes, reconoce no es correcta pues se encuentra bajo un proceso legal.<\/p>\n\n\n\n<p>Los padres de la v\u00edctima acusan una presunta corrupci\u00f3n, pues el veh\u00edculo no contaba con seguro, no ha habido avance de ning\u00fan tipo en la denuncia y mucho menos un careo con la persona que provoc\u00f3 el accidente; por ende, los gastos funerarios corrieron a cargo de la familia de Jos\u00e9 Antonio.<\/p>\n","protected":false},"excerpt":{"rendered":"<p>Alejandro \u00c1vila Veracruz, Ver.- Los padres de Jos\u00e9 Antonio Tinoco, joven de 19 a\u00f1os que falleci\u00f3 el pasado 28 de junio en el fraccionamiento Lagos de Puente Moreno tras ser arrollado en su moto por un autom\u00f3vil que no respet\u00f3 la vialidad, claman justicia, pues la persona que impact\u00f3 con su auto a su hijo [&hellip;]<\/p>\n","protected":false},"author":1,"featured_media":6262,"comment_status":"open","ping_status":"open","sticky":false,"template":"","format":"standard","meta":{"_jetpack_memberships_contains_paid_content":false,"footnotes":""},"categories":[2],"tags":[],"class_list":["post-6261","post","type-post","status-publish","format-standard","has-post-thumbnail","hentry","category-estado"],"jetpack_featured_media_url":"https:\/\/encuentroinformativo.com.mx\/wp-content\/uploads\/2020\/09\/81759315-FEC9-4864-92DE-CA1C84C9471D.jpeg","jetpack_sharing_enabled":true,"jetpack_likes_enabled":true,"amp_enabled":true,"_links":{"self":[{"href":"https:\/\/encuentroinformativo.com.mx\/index.php?rest_route=\/wp\/v2\/posts\/6261","targetHints":{"allow":["GET"]}}],"collection":[{"href":"https:\/\/encuentroinformativo.com.mx\/index.php?rest_route=\/wp\/v2\/posts"}],"about":[{"href":"https:\/\/encuentroinformativo.com.mx\/index.php?rest_route=\/wp\/v2\/types\/post"}],"author":[{"embeddable":true,"href":"https:\/\/encuentroinformativo.com.mx\/index.php?rest_route=\/wp\/v2\/users\/1"}],"replies":[{"embeddable":true,"href":"https:\/\/encuentroinformativo.com.mx\/index.php?rest_route=%2Fwp%2Fv2%2Fcomments&post=6261"}],"version-history":[{"count":1,"href":"https:\/\/encuentroinformativo.com.mx\/index.php?rest_route=\/wp\/v2\/posts\/6261\/revisions"}],"predecessor-version":[{"id":6263,"href":"https:\/\/encuentroinformativo.com.mx\/index.php?rest_route=\/wp\/v2\/posts\/6261\/revisions\/6263"}],"wp:featuredmedia":[{"embeddable":true,"href":"https:\/\/encuentroinformativo.com.mx\/index.php?rest_route=\/wp\/v2\/media\/6262"}],"wp:attachment":[{"href":"https:\/\/encuentroinformativo.com.mx\/index.php?rest_route=%2Fwp%2Fv2%2Fmedia&parent=6261"}],"wp:term":[{"taxonomy":"category","embeddable":true,"href":"https:\/\/encuentroinformativo.com.mx\/index.php?rest_route=%2Fwp%2Fv2%2Fcategories&post=6261"},{"taxonomy":"post_tag","embeddable":true,"href":"https:\/\/encuentroinformativo.com.mx\/index.php?rest_route=%2Fwp%2Fv2%2Ftags&post=6261"}],"curies":[{"name":"wp","href":"https:\/\/api.w.org\/{rel}","templated":true}]}}