{"id":62625,"date":"2025-01-13T13:57:12","date_gmt":"2025-01-13T19:57:12","guid":{"rendered":"https:\/\/encuentroinformativo.com.mx\/?p=62625"},"modified":"2025-01-13T13:57:12","modified_gmt":"2025-01-13T19:57:12","slug":"se-investiga-presunto-caso-de-metapneumovirus-en-veracruz","status":"publish","type":"post","link":"https:\/\/encuentroinformativo.com.mx\/?p=62625","title":{"rendered":"Se investiga presunto caso de metapneumovirus en Veracruz"},"content":{"rendered":"<p><strong style=\"font-size: 1rem;\">Dar\u00edo Pale<\/strong><\/p>\n<p>Xalapa, Ver.- Aclara la gobernadora Roc\u00edo Nahle Garc\u00eda que a\u00fan no se confirma el caso de metapneumovirus en Veracruz, hoy la secretaria de Salud define si hay o no ese virus en el estado, y se comprometi\u00f3 a poner atenci\u00f3n en las enfermedades mentales.<\/p>\n<p>En conferencia de prensa la gobernadora, a\u00fan no confirm\u00f3 si en Veracruz ya se detect\u00f3 un primer caso de metapneumovirus humano.<\/p>\n<p>&#8220;Identificada un caso espec\u00edfico, me dice haber nos llegan a los hospitales desde COVID, desde diferentes temas y uno de esos podr\u00eda tener rastro&#8221;, se\u00f1al\u00f3.<\/p>\n<p>Dio a conocer que hoy se reunir\u00e1 con los del sector salud ya que que quiere ver el tema ya que el subsecretario Jos\u00e9 Manuel Pozos Castro dio esa informaci\u00f3n<\/p>\n<p>Precis\u00f3 que este viernes se reunir\u00e1 con funcionarios de la Secretar\u00eda de Salud, &#8220;quiero pedir este tema porque el Subsecretario di\u00f3 la informaci\u00f3n&#8221;.<\/p>\n<p>Hoy lo veo, porque dentro de estos llegan varios virus. No es mi especialidad, por eso ped\u00ed una explicaci\u00f3n, dijo.<\/p>\n<p>El metapneumovirus humano (HMPV) es un virus que suele causar s\u00edntomas similares a los del resfriado com\u00fan.<\/p>\n<p>En los \u00faltimos d\u00edas, el metapneumovirus humano, que fue identificado por primera vez en los Pa\u00edses Bajos en 2001, ha adquirido especial relevancia debido al brote que surgi\u00f3 en China a finales de 2024, el cual podr\u00eda extenderse globalmente de manera similar al covid-19.<\/p>\n<p>En otro orden de ideas coment\u00f3 que, dentro del d\u00eda mundial de la Depresi\u00f3n, el pasado 30 de noviembre acudi\u00f3 con la presidenta de M\u00e9xico Claudia Sheinbaum y el ex gobernador Cuitl\u00e1huac Garc\u00eda al hospital de salud mental, el cual fue remodelado.<\/p>\n<p>\u201cSi se requiere poner atenci\u00f3n en la salud mental en Veracruz y en todo el pa\u00eds y efectivamente es un tema de una secuencia de la pandemia del COVID-19 ya que el ser humano no esta hecho para el encierro, ni para los miedos, entonces fue un encierro y miedos porque eso fue el COVID, eso trajo afectaciones a una gran parte de la humanidad\u201d, coment\u00f3.<\/p>\n<p>En M\u00e9xico hay un d\u00e9ficit de Psic\u00f3logos en un di\u00e1logo con Mario Delgado y con Claudia Tello a quienes les coment\u00f3 que, tienen que poner escuelas de psicolog\u00eda ya que hacen falta psic\u00f3logos, el gran reto ser\u00eda tener un psic\u00f3logo por cada escuela.<\/p>\n<p>\u201cEn primaria, secundaria, Universidad, preparatoria, tener un psic\u00f3logo independientemente de los psic\u00f3logos o psiquiatras que se requieren en el \u00e1rea m\u00e9dica, es algo en lo que se tiene que trabajar\u201d, dijo en la conferencia.<\/p>\n<p>Finalmente dijo que ser\u00eda un error que se cegara y no lo viera, pero si tienen que trabajar en ese tema ya que es muy importante.<\/p>\n","protected":false},"excerpt":{"rendered":"<p>Dar\u00edo Pale Xalapa, Ver.- Aclara la gobernadora Roc\u00edo Nahle Garc\u00eda que a\u00fan no se confirma el caso de metapneumovirus en Veracruz, hoy la secretaria de Salud define si hay o no ese virus en el estado, y se comprometi\u00f3 a poner atenci\u00f3n en las enfermedades mentales. En conferencia de prensa la gobernadora, a\u00fan no confirm\u00f3 [&hellip;]<\/p>\n","protected":false},"author":2476,"featured_media":62624,"comment_status":"open","ping_status":"open","sticky":false,"template":"","format":"standard","meta":{"_jetpack_memberships_contains_paid_content":false,"footnotes":""},"categories":[2],"tags":[],"class_list":["post-62625","post","type-post","status-publish","format-standard","has-post-thumbnail","hentry","category-estado"],"jetpack_featured_media_url":"https:\/\/encuentroinformativo.com.mx\/wp-content\/uploads\/2025\/01\/IMG-20250113-WA01972.jpg","jetpack_sharing_enabled":true,"jetpack_likes_enabled":true,"amp_enabled":true,"_links":{"self":[{"href":"https:\/\/encuentroinformativo.com.mx\/index.php?rest_route=\/wp\/v2\/posts\/62625","targetHints":{"allow":["GET"]}}],"collection":[{"href":"https:\/\/encuentroinformativo.com.mx\/index.php?rest_route=\/wp\/v2\/posts"}],"about":[{"href":"https:\/\/encuentroinformativo.com.mx\/index.php?rest_route=\/wp\/v2\/types\/post"}],"author":[{"embeddable":true,"href":"https:\/\/encuentroinformativo.com.mx\/index.php?rest_route=\/wp\/v2\/users\/2476"}],"replies":[{"embeddable":true,"href":"https:\/\/encuentroinformativo.com.mx\/index.php?rest_route=%2Fwp%2Fv2%2Fcomments&post=62625"}],"version-history":[{"count":1,"href":"https:\/\/encuentroinformativo.com.mx\/index.php?rest_route=\/wp\/v2\/posts\/62625\/revisions"}],"predecessor-version":[{"id":62626,"href":"https:\/\/encuentroinformativo.com.mx\/index.php?rest_route=\/wp\/v2\/posts\/62625\/revisions\/62626"}],"wp:featuredmedia":[{"embeddable":true,"href":"https:\/\/encuentroinformativo.com.mx\/index.php?rest_route=\/wp\/v2\/media\/62624"}],"wp:attachment":[{"href":"https:\/\/encuentroinformativo.com.mx\/index.php?rest_route=%2Fwp%2Fv2%2Fmedia&parent=62625"}],"wp:term":[{"taxonomy":"category","embeddable":true,"href":"https:\/\/encuentroinformativo.com.mx\/index.php?rest_route=%2Fwp%2Fv2%2Fcategories&post=62625"},{"taxonomy":"post_tag","embeddable":true,"href":"https:\/\/encuentroinformativo.com.mx\/index.php?rest_route=%2Fwp%2Fv2%2Ftags&post=62625"}],"curies":[{"name":"wp","href":"https:\/\/api.w.org\/{rel}","templated":true}]}}