{"id":6264,"date":"2020-09-28T14:59:02","date_gmt":"2020-09-28T19:59:02","guid":{"rendered":"https:\/\/encuentroinformativo.com.mx\/?p=6264"},"modified":"2020-09-28T14:59:05","modified_gmt":"2020-09-28T19:59:05","slug":"union-de-estibadores-toma-sede-de-edificio-de-sindicato-enajenado-en-requisa","status":"publish","type":"post","link":"https:\/\/encuentroinformativo.com.mx\/?p=6264","title":{"rendered":"Uni\u00f3n de Estibadores toma sede de edificio de sindicato enajenado en \u201crequisa\u201d"},"content":{"rendered":"\n<p><strong>Alejandro \u00c1vila<\/strong><\/p>\n\n\n\n<p>Veracruz, Ver.- La Uni\u00f3n de Estibadores de Veracruz tom\u00f3 posesi\u00f3n nuevamente de un edificio ubicado en la calle V\u00edctimas del 25 de Junio esquina con avenida 16 de septiembre, el cual aseguran les pertenece y les fue despojado ilegalmente en la \u201crequisa\u201d del a\u00f1o 1991.<\/p>\n\n\n\n<p>Sa\u00fal Mu\u00f1oz \u00c1lvarez, representante de la Uni\u00f3n de Estibadores de Veracruz, manifest\u00f3 que el lugar que se encontraba en el abandono por m\u00e1s de 10 a\u00f1os se encuentra ya en estado de destrucci\u00f3n.<\/p>\n\n\n\n<p>\u201cNosotros hemos sido prudentes porque la requisa fue todo un proceso, un proceso ilegal, anticonstitucional y violatorio de todo Derechos Humanos, nosotros hemos sido prudentes de no realizar actividades como est\u00e1 precisamente, pero no podemos dejar pasar m\u00e1s tiempo, el edificio se va a caer solo y a nosotros nos duele, porque esto es producto del esfuerzo y el trabajo de nuestros abuelos, de nuestros padres y de nosotros mismos\u201d, declar\u00f3.<\/p>\n\n\n\n<p>Se\u00f1al\u00f3 que este es el primer paso que dan, todo apoyado por la actitud y los dichos del presidente Andr\u00e9s Manuel L\u00f3pez Obrador quien, a decir de ellos, han permitido avances las denuncias y demandas que realizaron los trabajadores portuarios tras la \u201crequisa\u201d.<\/p>\n\n\n\n<p>\u201cEsta es nuestra casa, no estamos realizando ning\u00fan acto ilegal, los actos ilegales los cometi\u00f3 el gobierno de 1991 de Salinas de Gortari, al tomar un edificio que no pod\u00eda ser enajenado por ninguna autoridad\u201d, subray\u00f3.<\/p>\n\n\n\n<p>La Uni\u00f3n de Estibadores mostr\u00f3 los documentos que los avalan como los due\u00f1os del inmueble y aseguraron que no se encuentran realizando una acci\u00f3n ilegal.<\/p>\n","protected":false},"excerpt":{"rendered":"<p>Alejandro \u00c1vila Veracruz, Ver.- La Uni\u00f3n de Estibadores de Veracruz tom\u00f3 posesi\u00f3n nuevamente de un edificio ubicado en la calle V\u00edctimas del 25 de Junio esquina con avenida 16 de septiembre, el cual aseguran les pertenece y les fue despojado ilegalmente en la \u201crequisa\u201d del a\u00f1o 1991. Sa\u00fal Mu\u00f1oz \u00c1lvarez, representante de la Uni\u00f3n de [&hellip;]<\/p>\n","protected":false},"author":1,"featured_media":6265,"comment_status":"open","ping_status":"open","sticky":false,"template":"","format":"standard","meta":{"_jetpack_memberships_contains_paid_content":false,"footnotes":""},"categories":[2],"tags":[],"class_list":["post-6264","post","type-post","status-publish","format-standard","has-post-thumbnail","hentry","category-estado"],"jetpack_featured_media_url":"https:\/\/encuentroinformativo.com.mx\/wp-content\/uploads\/2020\/09\/BAAAA7A3-CBCA-4F7C-9877-01160437ACA8.jpeg","jetpack_sharing_enabled":true,"jetpack_likes_enabled":true,"amp_enabled":true,"_links":{"self":[{"href":"https:\/\/encuentroinformativo.com.mx\/index.php?rest_route=\/wp\/v2\/posts\/6264","targetHints":{"allow":["GET"]}}],"collection":[{"href":"https:\/\/encuentroinformativo.com.mx\/index.php?rest_route=\/wp\/v2\/posts"}],"about":[{"href":"https:\/\/encuentroinformativo.com.mx\/index.php?rest_route=\/wp\/v2\/types\/post"}],"author":[{"embeddable":true,"href":"https:\/\/encuentroinformativo.com.mx\/index.php?rest_route=\/wp\/v2\/users\/1"}],"replies":[{"embeddable":true,"href":"https:\/\/encuentroinformativo.com.mx\/index.php?rest_route=%2Fwp%2Fv2%2Fcomments&post=6264"}],"version-history":[{"count":1,"href":"https:\/\/encuentroinformativo.com.mx\/index.php?rest_route=\/wp\/v2\/posts\/6264\/revisions"}],"predecessor-version":[{"id":6266,"href":"https:\/\/encuentroinformativo.com.mx\/index.php?rest_route=\/wp\/v2\/posts\/6264\/revisions\/6266"}],"wp:featuredmedia":[{"embeddable":true,"href":"https:\/\/encuentroinformativo.com.mx\/index.php?rest_route=\/wp\/v2\/media\/6265"}],"wp:attachment":[{"href":"https:\/\/encuentroinformativo.com.mx\/index.php?rest_route=%2Fwp%2Fv2%2Fmedia&parent=6264"}],"wp:term":[{"taxonomy":"category","embeddable":true,"href":"https:\/\/encuentroinformativo.com.mx\/index.php?rest_route=%2Fwp%2Fv2%2Fcategories&post=6264"},{"taxonomy":"post_tag","embeddable":true,"href":"https:\/\/encuentroinformativo.com.mx\/index.php?rest_route=%2Fwp%2Fv2%2Ftags&post=6264"}],"curies":[{"name":"wp","href":"https:\/\/api.w.org\/{rel}","templated":true}]}}