{"id":62640,"date":"2025-01-13T21:28:39","date_gmt":"2025-01-14T03:28:39","guid":{"rendered":"https:\/\/encuentroinformativo.com.mx\/?p=62640"},"modified":"2025-01-13T21:28:39","modified_gmt":"2025-01-14T03:28:39","slug":"recibe-congreso-iniciativa-de-reforma-al-codigo-electoral-en-materia-de-poder-judicial","status":"publish","type":"post","link":"https:\/\/encuentroinformativo.com.mx\/?p=62640","title":{"rendered":"Recibe Congreso iniciativa de reforma al C\u00f3digo Electoral, en materia de Poder Judicial"},"content":{"rendered":"<p><strong>* La propuesta de la gobernadora de Veracruz, ingeniera Roc\u00edo Nahle Garc\u00eda, fue enviada para su an\u00e1lisis a las Comisiones Unidas de Justicia y Puntos Constitucionales y de Organizaci\u00f3n Pol\u00edtica y Procesos Electorales.<\/strong><\/p>\n<p style=\"font-weight: 400;\"><span style=\"font-size: 1rem;\">Xalapa, Ver.- La LXVII Legislatura dio entrada a la iniciativa presentada por la gobernadora de Veracruz, ingeniera Roc\u00edo Nahle Garc\u00eda, que reforma y adiciona diversas disposiciones del C\u00f3digo Electoral para el Estado y que tiene como finalidad incorporar plenamente a las personas juzgadoras del Poder Judicial estatal, en el proceso de elecci\u00f3n popular.<\/span><\/p>\n<p style=\"font-weight: 400;\"><span style=\"font-size: 1rem;\">En la sesi\u00f3n, la presidenta de la Mesa Directiva, diputada Tanya Carola Viveros Ch\u00e1zaro, instruy\u00f3 remitir la propuesta legislativa para su an\u00e1lisis a las Comisiones Permanentes Unidas de Justicia y Puntos Constitucionales y de Organizaci\u00f3n Pol\u00edtica y Procesos Electorales.<\/span><\/p>\n<p style=\"font-weight: 400;\"><span style=\"font-size: 1rem;\">De acuerdo con el texto de la iniciativa, se prev\u00e9 reformar los art\u00edculos 1, 8 y 11 para clarificar que la funci\u00f3n estatal de organizar los comicios ahora comprende tambi\u00e9n la elecci\u00f3n de magistraturas, juezas y jueces de primera instancia, al tiempo que se establece que dichos comicios tendr\u00e1n lugar el primer domingo de junio del a\u00f1o de la elecci\u00f3n ordinaria, en paralelo con los dem\u00e1s cargos de elecci\u00f3n popular.<\/span><\/p>\n<p style=\"font-weight: 400;\"><span style=\"font-size: 1rem;\">Especifica en el art\u00edculo 12 que la elecci\u00f3n de las personas juzgadoras ser\u00e1 dentro de todo el territorio del estado y se plantea la definici\u00f3n de toda la entidad veracruzana como la \u00fanica circunscripci\u00f3n electoral para la votaci\u00f3n de cargos judiciales; pues, se pretende que la elecci\u00f3n de personas juzgadoras sea sometida de manera uniforme ante la totalidad del electorado, para que su designaci\u00f3n obedezca a la preferencia mayoritaria lograda en el estado.<\/span><\/p>\n<p style=\"font-weight: 400;\"><span style=\"font-size: 1rem;\">En lo referente a las campa\u00f1as, el art\u00edculo 77 prev\u00e9 que el Consejo General del Organismo P\u00fablico Local Electoral (OPLE) de Veracruz fije un tope de gastos espec\u00edfico para las candidaturas de personas juzgadoras, salvaguardando la equidad de la contienda e insertando una referencia al nuevo Libro Noveno, que establece las directrices espec\u00edficas para este in\u00e9dito proceso electoral.<\/span><\/p>\n<p style=\"font-weight: 400;\"><span style=\"font-size: 1rem;\">En el art\u00edculo 108 se incorpora la facultad del Consejo General del OPLE para vigilar y supervisar todos los actos vinculados con la elecci\u00f3n de magistraturas, juezas y jueces, desde la preparaci\u00f3n de la elecci\u00f3n hasta la entrega de constancias de mayor\u00eda.<\/span><\/p>\n<p style=\"font-weight: 400;\"><span style=\"font-size: 1rem;\">Se enmiendan los art\u00edculos 141 y 148 para que los consejos distritales y municipales coadyuven con el OPLE en la organizaci\u00f3n y c\u00f3mputo de los resultados, en condiciones equiparables a las de otros cargos de elecci\u00f3n popular.<\/span><\/p>\n<p style=\"font-weight: 400;\"><span style=\"font-size: 1rem;\">Los art\u00edculos 253 y 255 disponen la publicaci\u00f3n de los nombres de quienes resulten electos como personas juzgadoras y la obligaci\u00f3n de informar al Congreso del Estado acerca de su declaraci\u00f3n de mayor\u00eda, garantizando la m\u00e1xima publicidad y la continuidad institucional.<\/span><\/p>\n<p style=\"font-weight: 400;\"><span style=\"font-size: 1rem;\">Con el objeto de concretar el mandato de la Constituci\u00f3n Federal y local, se contempla la creaci\u00f3n de un Libro Noveno en el citado C\u00f3digo, para la organizaci\u00f3n de los procesos electorales, pero incorpora las adecuaciones necesarias que demanda el contexto veracruzano.<\/span><\/p>\n","protected":false},"excerpt":{"rendered":"<p>* La propuesta de la gobernadora de Veracruz, ingeniera Roc\u00edo Nahle Garc\u00eda, fue enviada para su an\u00e1lisis a las Comisiones Unidas de Justicia y Puntos Constitucionales y de Organizaci\u00f3n Pol\u00edtica y Procesos Electorales. Xalapa, Ver.- La LXVII Legislatura dio entrada a la iniciativa presentada por la gobernadora de Veracruz, ingeniera Roc\u00edo Nahle Garc\u00eda, que reforma [&hellip;]<\/p>\n","protected":false},"author":2476,"featured_media":62641,"comment_status":"open","ping_status":"open","sticky":false,"template":"","format":"standard","meta":{"_jetpack_memberships_contains_paid_content":false,"footnotes":""},"categories":[2],"tags":[],"class_list":["post-62640","post","type-post","status-publish","format-standard","has-post-thumbnail","hentry","category-estado"],"jetpack_featured_media_url":"https:\/\/encuentroinformativo.com.mx\/wp-content\/uploads\/2025\/01\/NOV13ENE2025CODIGOELECTORAL-1.jpeg","jetpack_sharing_enabled":true,"jetpack_likes_enabled":true,"amp_enabled":true,"_links":{"self":[{"href":"https:\/\/encuentroinformativo.com.mx\/index.php?rest_route=\/wp\/v2\/posts\/62640","targetHints":{"allow":["GET"]}}],"collection":[{"href":"https:\/\/encuentroinformativo.com.mx\/index.php?rest_route=\/wp\/v2\/posts"}],"about":[{"href":"https:\/\/encuentroinformativo.com.mx\/index.php?rest_route=\/wp\/v2\/types\/post"}],"author":[{"embeddable":true,"href":"https:\/\/encuentroinformativo.com.mx\/index.php?rest_route=\/wp\/v2\/users\/2476"}],"replies":[{"embeddable":true,"href":"https:\/\/encuentroinformativo.com.mx\/index.php?rest_route=%2Fwp%2Fv2%2Fcomments&post=62640"}],"version-history":[{"count":1,"href":"https:\/\/encuentroinformativo.com.mx\/index.php?rest_route=\/wp\/v2\/posts\/62640\/revisions"}],"predecessor-version":[{"id":62642,"href":"https:\/\/encuentroinformativo.com.mx\/index.php?rest_route=\/wp\/v2\/posts\/62640\/revisions\/62642"}],"wp:featuredmedia":[{"embeddable":true,"href":"https:\/\/encuentroinformativo.com.mx\/index.php?rest_route=\/wp\/v2\/media\/62641"}],"wp:attachment":[{"href":"https:\/\/encuentroinformativo.com.mx\/index.php?rest_route=%2Fwp%2Fv2%2Fmedia&parent=62640"}],"wp:term":[{"taxonomy":"category","embeddable":true,"href":"https:\/\/encuentroinformativo.com.mx\/index.php?rest_route=%2Fwp%2Fv2%2Fcategories&post=62640"},{"taxonomy":"post_tag","embeddable":true,"href":"https:\/\/encuentroinformativo.com.mx\/index.php?rest_route=%2Fwp%2Fv2%2Ftags&post=62640"}],"curies":[{"name":"wp","href":"https:\/\/api.w.org\/{rel}","templated":true}]}}