{"id":62649,"date":"2025-01-13T21:47:03","date_gmt":"2025-01-14T03:47:03","guid":{"rendered":"https:\/\/encuentroinformativo.com.mx\/?p=62649"},"modified":"2025-01-13T21:47:03","modified_gmt":"2025-01-14T03:47:03","slug":"instalan-la-comision-especial-del-premio-estatal-a-la-mujer-2025","status":"publish","type":"post","link":"https:\/\/encuentroinformativo.com.mx\/?p=62649","title":{"rendered":"Instalan la Comisi\u00f3n Especial del Premio Estatal a la Mujer 2025"},"content":{"rendered":"<p><strong>* Inician los trabajos, preside esta instancia la diputada Daniela Flores Barnils.<\/strong><\/p>\n<p style=\"font-weight: 400;\"><span style=\"font-size: 1rem;\">Xalapa, Ver.- En cumplimiento del Acuerdo aprobado por el Pleno, este 13 de enero, se realiz\u00f3 la instalaci\u00f3n de la Comisi\u00f3n Especial del Premio Estatal a la Mujer, edici\u00f3n 2025, con lo que inician formalmente los trabajos para elegir a la persona acreedora a esta distinci\u00f3n que el Congreso del Estado otorga anualmente.<\/span><\/p>\n<p style=\"font-weight: 400;\"><span style=\"font-size: 1rem;\">En las instalaciones del Poder Legislativo, las diputadas Daniela Flores Barnils, presidenta; Estefan\u00eda Bastida Cuevas, secretaria, as\u00ed como Astrid S\u00e1nchez Moguel, Luz Alicia Delf\u00edn Rodr\u00edguez, Ana Rosa Vald\u00e9s Salazar y Mar\u00eda Elena C\u00f3rdova Molina, vocales, signaron el acta respectiva.<\/span><\/p>\n<p style=\"font-weight: 400;\"><span style=\"font-size: 1rem;\">Esta comisi\u00f3n ser\u00e1 la encargada de emitir una convocatoria para recibir las propuestas correspondientes y posteriormente formular\u00e1 un dictamen (que deber\u00e1 someterse a consideraci\u00f3n del Pleno) con el nombre de la mujer que considere sea la merecedora de dicho premio.<\/span><\/p>\n<p style=\"font-weight: 400;\"><span style=\"font-size: 1rem;\">El Premio a la Mujer es un reconocimiento que se otorga a las veracruzanas destacadas por su trayectoria de vida, obra, m\u00e9ritos acad\u00e9micos, cient\u00edficos, art\u00edsticos, literarios o de otra \u00edndole, o que desde cualquier \u00e1mbito de acci\u00f3n hayan contribuido al cumplimiento en el ejercicio de los derechos de las mujeres y la igualdad de g\u00e9nero en el estado.<\/span><\/p>\n","protected":false},"excerpt":{"rendered":"<p>* Inician los trabajos, preside esta instancia la diputada Daniela Flores Barnils. Xalapa, Ver.- En cumplimiento del Acuerdo aprobado por el Pleno, este 13 de enero, se realiz\u00f3 la instalaci\u00f3n de la Comisi\u00f3n Especial del Premio Estatal a la Mujer, edici\u00f3n 2025, con lo que inician formalmente los trabajos para elegir a la persona acreedora [&hellip;]<\/p>\n","protected":false},"author":2476,"featured_media":62650,"comment_status":"open","ping_status":"open","sticky":false,"template":"","format":"standard","meta":{"_jetpack_memberships_contains_paid_content":false,"footnotes":""},"categories":[2],"tags":[],"class_list":["post-62649","post","type-post","status-publish","format-standard","has-post-thumbnail","hentry","category-estado"],"jetpack_featured_media_url":"https:\/\/encuentroinformativo.com.mx\/wp-content\/uploads\/2025\/01\/NOV13ENE2025COMISIONMUJER1.jpeg","jetpack_sharing_enabled":true,"jetpack_likes_enabled":true,"amp_enabled":true,"_links":{"self":[{"href":"https:\/\/encuentroinformativo.com.mx\/index.php?rest_route=\/wp\/v2\/posts\/62649","targetHints":{"allow":["GET"]}}],"collection":[{"href":"https:\/\/encuentroinformativo.com.mx\/index.php?rest_route=\/wp\/v2\/posts"}],"about":[{"href":"https:\/\/encuentroinformativo.com.mx\/index.php?rest_route=\/wp\/v2\/types\/post"}],"author":[{"embeddable":true,"href":"https:\/\/encuentroinformativo.com.mx\/index.php?rest_route=\/wp\/v2\/users\/2476"}],"replies":[{"embeddable":true,"href":"https:\/\/encuentroinformativo.com.mx\/index.php?rest_route=%2Fwp%2Fv2%2Fcomments&post=62649"}],"version-history":[{"count":1,"href":"https:\/\/encuentroinformativo.com.mx\/index.php?rest_route=\/wp\/v2\/posts\/62649\/revisions"}],"predecessor-version":[{"id":62651,"href":"https:\/\/encuentroinformativo.com.mx\/index.php?rest_route=\/wp\/v2\/posts\/62649\/revisions\/62651"}],"wp:featuredmedia":[{"embeddable":true,"href":"https:\/\/encuentroinformativo.com.mx\/index.php?rest_route=\/wp\/v2\/media\/62650"}],"wp:attachment":[{"href":"https:\/\/encuentroinformativo.com.mx\/index.php?rest_route=%2Fwp%2Fv2%2Fmedia&parent=62649"}],"wp:term":[{"taxonomy":"category","embeddable":true,"href":"https:\/\/encuentroinformativo.com.mx\/index.php?rest_route=%2Fwp%2Fv2%2Fcategories&post=62649"},{"taxonomy":"post_tag","embeddable":true,"href":"https:\/\/encuentroinformativo.com.mx\/index.php?rest_route=%2Fwp%2Fv2%2Ftags&post=62649"}],"curies":[{"name":"wp","href":"https:\/\/api.w.org\/{rel}","templated":true}]}}