{"id":62652,"date":"2025-01-14T09:33:53","date_gmt":"2025-01-14T15:33:53","guid":{"rendered":"https:\/\/encuentroinformativo.com.mx\/?p=62652"},"modified":"2025-01-14T09:33:53","modified_gmt":"2025-01-14T15:33:53","slug":"tono-luna","status":"publish","type":"post","link":"https:\/\/encuentroinformativo.com.mx\/?p=62652","title":{"rendered":"TO\u00d1O LUNA"},"content":{"rendered":"<p dir=\"ltr\"><strong>Los Pol\u00edticos<\/strong><\/p>\n<p dir=\"ltr\"><strong>Salvador Mu\u00f1oz<\/strong><\/p>\n<p><span style=\"font-size: 1rem;\">Xalapa sin duda, es uno de los ayuntamientos de sumo inter\u00e9s no s\u00f3lo para la Gobernadora Roc\u00edo Nahle, sino tambi\u00e9n para esos quince personajes que se registraron para buscar ser el candidato o la candidata que Morena postule para contender este 2025.<\/span><\/p>\n<p dir=\"ltr\">Entre esos quince, bajo el lema de \u201cEs tiempo de Mujeres\u201d, suenan tres que buscan ser la candidata:<\/p>\n<p dir=\"ltr\">Est\u00e1 Daniela Griego Ceballos, a quien consideran la carta de Roc\u00edo Nahle\u2026 Est\u00e1 Ivonne Cisneros Luj\u00e1n, considerada la carta de Manuel Huerta Ladr\u00f3n de Guevara\u2026 y est\u00e1 Rosalinda Galindo Silva, ex diputada local de la pasada Legislatura.<\/p>\n<p dir=\"ltr\">Y si bien, hay quienes consideran que la alternancia de g\u00e9nero podr\u00eda darles ventaja a cualesquier de estas tres damas, tanto en Morena, como en militantes de otros partidos, ha llamado la atenci\u00f3n el registro de un personaje quien sin hacer mucho ruido en las redes, ya activ\u00f3 \u201clas antenitas de vinil\u201d de las citadas l\u00edneas arriba: To\u00f1o Luna.<\/p>\n<p dir=\"ltr\">Ah, por cierto, la menci\u00f3n de To\u00f1o Luna entre los aspirantes a la candidatura, no s\u00f3lo acapar\u00f3 la atenci\u00f3n de morenos y militantes de otros partidos, sino tambi\u00e9n de los xalape\u00f1os\u2026 la raz\u00f3n es simple: To\u00f1o Luna es un referente entre los vecinos de la Atenas Veracruzana desde hace mucho rato, y hablamos del siglo pasado y lo que va de \u00e9ste\u2026<\/p>\n<p dir=\"ltr\">Cu\u00e1ntas familias no recuerdan al Doctor To\u00f1o Luna, y no \u00fanicamente al pol\u00edtico panista que contendi\u00f3 por una curul o por la alcald\u00eda de Xalapa, sino hasta por esa labor altruista que hac\u00eda el galeno en las colonias con distintas campa\u00f1as, como la de la Polio Plus\u2026<\/p>\n<p dir=\"ltr\">\u00a1Ah bueno! Ah\u00ed es donde aparece el otro To\u00f1o Luna, su hijo, quien desde muy chico, acompa\u00f1aba a su padre en esas acciones altruistas o bien, en las laborales, porque hubo un tiempo en que los Luna vend\u00edan leche Alpura, y ah\u00ed ve\u00edan a To\u00f1o en distintas colonias repartiendo el producto.<\/p>\n<p dir=\"ltr\">Y en su momento, To\u00f1o Luna, como dirigente juvenil, ampli\u00f3 ese abanico de apoyo a xalape\u00f1os con Atenci\u00f3n M\u00e9dica y Jur\u00eddica.<\/p>\n<p dir=\"ltr\">Ernesto P\u00e9rez Astorga lo identifica porque su padre como el de To\u00f1o, eran muy buenos amigos\u2026<\/p>\n<p dir=\"ltr\">Pero no s\u00f3lo en Xalapa las colonias ubican a To\u00f1o Luna, sino tambi\u00e9n las c\u00e1maras empresariales, el Club Rotario, sindicatos, pero en especial, el xalape\u00f1o\u2026 ese xalape\u00f1o que convivi\u00f3 con To\u00f1o ya fuera en la colonia Pumar, s\u00ed, all\u00e1, por donde est\u00e1 la Casa Veracruz y por donde el que escribe, igual estuvo viviendo un rato; o en Jardines de Xalapa, donde actualmente el que escribe, habita\u2026<\/p>\n<p dir=\"ltr\">Est\u00e1 tambi\u00e9n ese xalape\u00f1o de la infancia\u2026 el de la primaria Cuauht\u00e9moc\u2026 el de la T\u00e9cnica 3\u2026 la Prepa Veracruz\u2026 o el de la Facultad de Derecho con quienes hoy To\u00f1o Luna comparte los recuerdos de infancia, adolescencia y juventud combinados con la madurez y experiencias propias de quienes han visto crecer a Xalapa.<\/p>\n<p dir=\"ltr\">Por eso, cuando To\u00f1o Luna se inscribi\u00f3 para participar en la contienda interna por Morena en pos de la candidatura por Xalapa, acapar\u00f3 la atenci\u00f3n no s\u00f3lo de las morenas ni de los militantes de otros partidos, sino del xalape\u00f1o, y hay que recordar que si algo tiene la Atenas Veracruzana es ese apego por el de casa\u2026 y To\u00f1o es de Casa.<\/p>\n","protected":false},"excerpt":{"rendered":"<p>Los Pol\u00edticos Salvador Mu\u00f1oz Xalapa sin duda, es uno de los ayuntamientos de sumo inter\u00e9s no s\u00f3lo para la Gobernadora Roc\u00edo Nahle, sino tambi\u00e9n para esos quince personajes que se registraron para buscar ser el candidato o la candidata que Morena postule para contender este 2025. Entre esos quince, bajo el lema de \u201cEs tiempo [&hellip;]<\/p>\n","protected":false},"author":2476,"featured_media":387,"comment_status":"open","ping_status":"open","sticky":false,"template":"","format":"standard","meta":{"_jetpack_memberships_contains_paid_content":false,"footnotes":""},"categories":[11],"tags":[],"class_list":["post-62652","post","type-post","status-publish","format-standard","has-post-thumbnail","hentry","category-opinion"],"jetpack_featured_media_url":"https:\/\/encuentroinformativo.com.mx\/wp-content\/uploads\/2020\/03\/7CF8A22B-2764-47BE-8F7F-38FE9E5D6A2F.jpeg","jetpack_sharing_enabled":true,"jetpack_likes_enabled":true,"amp_enabled":true,"_links":{"self":[{"href":"https:\/\/encuentroinformativo.com.mx\/index.php?rest_route=\/wp\/v2\/posts\/62652","targetHints":{"allow":["GET"]}}],"collection":[{"href":"https:\/\/encuentroinformativo.com.mx\/index.php?rest_route=\/wp\/v2\/posts"}],"about":[{"href":"https:\/\/encuentroinformativo.com.mx\/index.php?rest_route=\/wp\/v2\/types\/post"}],"author":[{"embeddable":true,"href":"https:\/\/encuentroinformativo.com.mx\/index.php?rest_route=\/wp\/v2\/users\/2476"}],"replies":[{"embeddable":true,"href":"https:\/\/encuentroinformativo.com.mx\/index.php?rest_route=%2Fwp%2Fv2%2Fcomments&post=62652"}],"version-history":[{"count":1,"href":"https:\/\/encuentroinformativo.com.mx\/index.php?rest_route=\/wp\/v2\/posts\/62652\/revisions"}],"predecessor-version":[{"id":62653,"href":"https:\/\/encuentroinformativo.com.mx\/index.php?rest_route=\/wp\/v2\/posts\/62652\/revisions\/62653"}],"wp:featuredmedia":[{"embeddable":true,"href":"https:\/\/encuentroinformativo.com.mx\/index.php?rest_route=\/wp\/v2\/media\/387"}],"wp:attachment":[{"href":"https:\/\/encuentroinformativo.com.mx\/index.php?rest_route=%2Fwp%2Fv2%2Fmedia&parent=62652"}],"wp:term":[{"taxonomy":"category","embeddable":true,"href":"https:\/\/encuentroinformativo.com.mx\/index.php?rest_route=%2Fwp%2Fv2%2Fcategories&post=62652"},{"taxonomy":"post_tag","embeddable":true,"href":"https:\/\/encuentroinformativo.com.mx\/index.php?rest_route=%2Fwp%2Fv2%2Ftags&post=62652"}],"curies":[{"name":"wp","href":"https:\/\/api.w.org\/{rel}","templated":true}]}}